{"id":1716,"date":"2019-06-06T09:17:25","date_gmt":"2019-06-06T08:17:25","guid":{"rendered":"http:\/\/saintemariemayorga64220.fr\/?p=1716"},"modified":"2023-06-01T15:04:46","modified_gmt":"2023-06-01T14:04:46","slug":"projet-decole","status":"publish","type":"post","link":"https:\/\/saintemariemayorga64220.fr\/es\/projet-decole\/","title":{"rendered":"Projet d&#8217;\u00e9cole"},"content":{"rendered":"<p>[et_pb_section fb_built=\u00bb1&#8243; admin_label=\u00bbsection\u00bb _builder_version=\u00bb3.0.47&#8243;][et_pb_row admin_label=\u00bbrow\u00bb _builder_version=\u00bb3.0.47&#8243; background_size=\u00bbinitial\u00bb background_position=\u00bbtop_left\u00bb background_repeat=\u00bbrepeat\u00bb][et_pb_column type=\u00bb4_4&#8243; _builder_version=\u00bb3.0.47&#8243; parallax=\u00bboff\u00bb parallax_method=\u00bbon\u00bb][et_pb_text admin_label=\u00bbText\u00bb _builder_version=\u00bb3.0.47&#8243; background_size=\u00bbinitial\u00bb background_position=\u00bbtop_left\u00bb background_repeat=\u00bbrepeat\u00bb]<\/p>\n<p>Le projet d\u2019\u00e9cole s\u2019articule en lien avec le projet pastoral et \u00e9ducatif.\u00a0Notre mission principale est, d\u00e8s la maternelle, de donner envie aux enfants d&#8217;aller \u00e0 l&#8217;\u00e9cole pour apprendre, affirmer et \u00e9panouir leur personnalit\u00e9.\u00a0Durant l\u2019ann\u00e9e scolaire, nous vivons de beaux projets qui illustrent toujours nos valeurs quotidiennes\u00a0: esprit d\u2019\u00e9quipe, coop\u00e9ration, entraide entre plus grands et moins grands, bienveillance, go\u00fbt de l\u2019effort et du partage, respect des g\u00e9n\u00e9rations (parents, grands-parents) et bonheur de partager avec ces derniers des ateliers, des conversations et d\u00e9bats constructifs au sein de notre \u00e9cole, amour du travail abouti et men\u00e9 en \u00e9quipe, apprendre \u00e0 \u00eatre fier de soi et \u00e0 gagner en confiance en soi tout en respectant l\u2019autre\u2026\u00a0<\/p>\n<p>L\u2019\u00e9quipe p\u00e9dagogique propose des projets en partant des constats et des besoins des \u00e9l\u00e8ves.<\/p>\n<p>Exemples de projet: \u00abrendre les \u00e9l\u00e8ves acteurs de leur quotidien gr\u00e2ce,\u00a0notamment, aux conseils de coop\u00e9ration\u00bb (d\u00e8s la GS) \/\u00a0Projet \u00ab\u00a0Parcours Sant\u00e9 +\u00a0\u00bb (projet coop\u00e9ratif entre la classe des CM1-CM2 et celle des CP-CE1 avec des intervenants \u00abfrontenis\u00bb et \u00abpersonnel de sant\u00e9\u00bb) \/ Semaine du go\u00fbt (ateliers coop\u00e9ratifs) \/ Projet \u00abmusique et chants\u00bb (Kantaldi inter-classes en basque et fran\u00e7ais avec un intervenant en musique) \/ hip-hop \/ projets de sciences, et projets artistiques avec les r\u00e9sidents de la maison de retraite de Saint Jean Pied de Port &#8230;<\/p>\n<p>D\u00e9couvrez tous les projets v\u00e9cus sur notre cha\u00eene YouTube :\u00a0<a href=\"https:\/\/www.youtube.com\/channel\/UClNH86CmqYP-0535d299FYg?view_as=subscriber\">https:\/\/www.youtube.com\/channel\/UClNH86CmqYP-0535d299FYg?view_as=subscriber<\/a><\/p>\n<p><em><strong>Eskolako proiektua<\/strong><\/em><\/p>\n<p><em><strong>3 urterendako egina da patoral eta hezkuntza proiektueri lotua.<\/strong><\/em><\/p>\n<p><em><strong>Erakasleek haurren beharreri behatuz sortarazten dute. Aurtengo proiektua lankidantzari lotua da : haurrek beren egunguzietako bizia eskuetan hartuz ( haundien mailatik goiti).<\/strong><\/em><\/p>\n<p><em><strong>Adibidez: \u201cOsagarri ibilaldia \u201c, gustuaren astea, musika eta kantuak 2 hizkuntzetan.<\/strong><\/em><\/p>\n<p><em><strong>You Tube katearen sortzea : :\u00a0<a href=\"https:\/\/www.youtube.com\/channel\/UClNH86CmqYP-0535d299FYg?view_as=subscriber\">https:\/\/www.youtube.com\/channel\/UClNH86CmqYP-0535d299FYg?view_as=subscriber<\/a><\/strong><\/em><\/p>\n<p>&nbsp;<\/p>\n<p>[\/et_pb_text][\/et_pb_column][\/et_pb_row][\/et_pb_section]<\/p>\n","protected":false},"excerpt":{"rendered":"<p>[et_pb_section fb_built=\u00bb1&#8243; admin_label=\u00bbsection\u00bb _builder_version=\u00bb3.0.47&#8243;][et_pb_row admin_label=\u00bbrow\u00bb _builder_version=\u00bb3.0.47&#8243; background_size=\u00bbinitial\u00bb background_position=\u00bbtop_left\u00bb background_repeat=\u00bbrepeat\u00bb][et_pb_column type=\u00bb4_4&#8243; _builder_version=\u00bb3.0.47&#8243; parallax=\u00bboff\u00bb parallax_method=\u00bbon\u00bb][et_pb_text admin_label=\u00bbText\u00bb _builder_version=\u00bb3.0.47&#8243; background_size=\u00bbinitial\u00bb background_position=\u00bbtop_left\u00bb background_repeat=\u00bbrepeat\u00bb] Le projet d\u2019\u00e9cole s\u2019articule en lien avec le projet pastoral et \u00e9ducatif.\u00a0Notre mission principale est, d\u00e8s la maternelle, de donner envie aux enfants d&#8217;aller \u00e0 l&#8217;\u00e9cole pour apprendre, affirmer et \u00e9panouir leur personnalit\u00e9.\u00a0Durant l\u2019ann\u00e9e scolaire, nous vivons [&hellip;]<\/p>\n","protected":false},"author":1,"featured_media":1773,"comment_status":"closed","ping_status":"open","sticky":false,"template":"","format":"standard","meta":{"spay_email":"","jetpack_publicize_message":"","jetpack_is_tweetstorm":false,"jetpack_publicize_feature_enabled":true},"categories":[40],"tags":[],"jetpack_publicize_connections":[],"jetpack_featured_media_url":"https:\/\/i0.wp.com\/saintemariemayorga64220.fr\/wp-content\/uploads\/2019\/06\/projet-enfants.jpg?fit=515%2C340&ssl=1","jetpack_sharing_enabled":true,"jetpack_shortlink":"https:\/\/wp.me\/p9jAgw-rG","jetpack_likes_enabled":true,"jetpack-related-posts":[{"id":1714,"url":"https:\/\/saintemariemayorga64220.fr\/es\/projet-pastoral\/","url_meta":{"origin":1716,"position":0},"title":"Projet pastoral","date":"06 de junio de 2019","format":false,"excerpt":"Cette ann\u00e9e, les \u00e9l\u00e8ves travaillent plus particuli\u00e8rement la notion de coop\u00e9ration. Pourquoi? La\u00a0p\u00e9dagogie coop\u00e9rative\u00a0repose sur une\u00a0philosophie de l'instruction\u00a0qui place l'\u00e9l\u00e8ve en tant qu'acteur de ses apprentissages, capable de participer \u00e0 l'\u00e9laboration de\u2026","rel":"","context":"Entrada similar","img":{"alt_text":"","src":"https:\/\/i0.wp.com\/saintemariemayorga64220.fr\/wp-content\/uploads\/2019\/06\/pastorale.jpg?fit=510%2C340&ssl=1&resize=350%2C200","width":350,"height":200},"classes":[]},{"id":933,"url":"https:\/\/saintemariemayorga64220.fr\/es\/rencontre-lassociation-retina\/","url_meta":{"origin":1716,"position":1},"title":"Rencontre avec l&#8217;association RETINA","date":"04 de junio de 2016","format":false,"excerpt":"Jeudi 2 juin, les \u00e9l\u00e8ves de l'\u00e9cole ont assist\u00e9 au d\u00e9part d'une course \u00e0 l'occasion de la manifestation \"Tandem pour la vue\", organis\u00e9e par l'association Retina. Toujours en lien avec notre projet de l'ann\u00e9e autour du th\u00e8me de la diff\u00e9rence et de la tol\u00e9rance, les \u00e9l\u00e8ves ont rencontr\u00e9 Odile et\u2026","rel":"","context":"En \u00abprojet p\u00e9dagogique\u00bb","img":{"alt_text":"","src":"","width":0,"height":0},"classes":[]},{"id":790,"url":"https:\/\/saintemariemayorga64220.fr\/es\/portes-ouvertes-ate-idekitzeak\/","url_meta":{"origin":1716,"position":2},"title":"PORTES OUVERTES \/ ATE IDEKITZEAK","date":"25 de enero de 2016","format":false,"excerpt":"article paru dans Sud Ouest Au sein de l'ensemble scolaire Sainte Marie-Mayorga, c'est une v\u00e9ritable \u00e9cole de la vie qui est propos\u00e9e aux familles qui veulent bien y confier leurs... Au sein de l'ensemble scolaire Sainte Marie-Mayorga, c'est une v\u00e9ritable \u00e9cole de la vie qui est propos\u00e9e aux familles qui\u2026","rel":"","context":"En \u00abprojet p\u00e9dagogique\u00bb","img":{"alt_text":"","src":"","width":0,"height":0},"classes":[]},{"id":1004,"url":"https:\/\/saintemariemayorga64220.fr\/es\/semaine-de-solidarite\/","url_meta":{"origin":1716,"position":3},"title":"LA SEMAINE DU GO\u00dbT","date":"13 de octubre de 2016","format":false,"excerpt":"A l'occasion de la semaine du go\u00fbt, les \u00e9l\u00e8ves de l'\u00e9cole ont eu la chance de recevoir pour une le\u00e7on du go\u00fbt, le chef Henri Amestoy, du restaurant Art'zain d'Irissarry! Apr\u00e8s des actiivt\u00e9s autour des 4 saveurs, ils ont pu assister le chef pour la confection de tuiles craquantes aux\u2026","rel":"","context":"En \u00abprojet p\u00e9dagogique\u00bb","img":{"alt_text":"","src":"https:\/\/i0.wp.com\/saintemariemayorga64220.fr\/wp-content\/uploads\/2016\/10\/DSCN2022-300x225.jpg?resize=350%2C200","width":350,"height":200},"classes":[]},{"id":844,"url":"https:\/\/saintemariemayorga64220.fr\/es\/fete-scolaire-eskolako-besta\/","url_meta":{"origin":1716,"position":4},"title":"FETE SCOLAIRE * * ESKOLAKO BESTA","date":"07 de abril de 2016","format":false,"excerpt":"Cette ann\u00e9e, nous travaillons sur le th\u00e8me de la diff\u00e9rence et de la tol\u00e9rance. Apr\u00e8s plusieurs lectures d'oeuvres sur ces th\u00e8mes-l\u00e0, les \u00e9l\u00e8ves ont s\u00e9lectionn\u00e9 un album \u00e0 mettre en sc\u00e8ne: Plumes et prises de bec. Une histoire de paons et de cygnes, si diff\u00e9rents et pourtant si semblables... Venez\u2026","rel":"","context":"En \u00abprojet p\u00e9dagogique\u00bb","img":{"alt_text":"","src":"https:\/\/i0.wp.com\/saintemariemayorga64220.fr\/wp-content\/uploads\/2016\/04\/68894-gf.jpg?resize=350%2C200","width":350,"height":200},"classes":[]},{"id":952,"url":"https:\/\/saintemariemayorga64220.fr\/es\/journee-theatre-basque-a-urrugne\/","url_meta":{"origin":1716,"position":5},"title":"JOURNEE THEATRE EN BASQUE A URRUGNE","date":"11 de junio de 2016","format":false,"excerpt":"Jeudi 9 juin, les \u00e9l\u00e8ves bilingues ont pass\u00e9 la journ\u00e9e \u00e0 Urrugne \u00e0 l'occasion de la semaine de th\u00e9\u00e2tre en basque, organis\u00e9e par Euskal Haziak. Cette ann\u00e9e, en tant que spectateurs, ils ont pu d\u00e9couvrir des pi\u00e8ces donn\u00e9es par les \u00e9coles de St P\u00e9e, Halsou et Itxassou... La journ\u00e9e a\u2026","rel":"","context":"En \u00abprojet p\u00e9dagogique\u00bb","img":{"alt_text":"","src":"","width":0,"height":0},"classes":[]}],"_links":{"self":[{"href":"https:\/\/saintemariemayorga64220.fr\/es\/wp-json\/wp\/v2\/posts\/1716"}],"collection":[{"href":"https:\/\/saintemariemayorga64220.fr\/es\/wp-json\/wp\/v2\/posts"}],"about":[{"href":"https:\/\/saintemariemayorga64220.fr\/es\/wp-json\/wp\/v2\/types\/post"}],"author":[{"embeddable":true,"href":"https:\/\/saintemariemayorga64220.fr\/es\/wp-json\/wp\/v2\/users\/1"}],"replies":[{"embeddable":true,"href":"https:\/\/saintemariemayorga64220.fr\/es\/wp-json\/wp\/v2\/comments?post=1716"}],"version-history":[{"count":7,"href":"https:\/\/saintemariemayorga64220.fr\/es\/wp-json\/wp\/v2\/posts\/1716\/revisions"}],"predecessor-version":[{"id":1961,"href":"https:\/\/saintemariemayorga64220.fr\/es\/wp-json\/wp\/v2\/posts\/1716\/revisions\/1961"}],"wp:featuredmedia":[{"embeddable":true,"href":"https:\/\/saintemariemayorga64220.fr\/es\/wp-json\/wp\/v2\/media\/1773"}],"wp:attachment":[{"href":"https:\/\/saintemariemayorga64220.fr\/es\/wp-json\/wp\/v2\/media?parent=1716"}],"wp:term":[{"taxonomy":"category","embeddable":true,"href":"https:\/\/saintemariemayorga64220.fr\/es\/wp-json\/wp\/v2\/categories?post=1716"},{"taxonomy":"post_tag","embeddable":true,"href":"https:\/\/saintemariemayorga64220.fr\/es\/wp-json\/wp\/v2\/tags?post=1716"}],"curies":[{"name":"wp","href":"https:\/\/api.w.org\/{rel}","templated":true}]}}