{"id":1829,"date":"2020-04-07T17:47:55","date_gmt":"2020-04-07T16:47:55","guid":{"rendered":"http:\/\/saintemariemayorga64220.fr\/?p=1829"},"modified":"2020-04-07T17:47:55","modified_gmt":"2020-04-07T16:47:55","slug":"feu-dartifice-de-saveurs-et-couleurs-a-lecole-sainte-marie","status":"publish","type":"post","link":"https:\/\/saintemariemayorga64220.fr\/es\/feu-dartifice-de-saveurs-et-couleurs-a-lecole-sainte-marie\/","title":{"rendered":"(Fran\u00e7ais) Feu d&#8217;artifice de saveurs et couleurs \u00e0 l&#8217;\u00e9cole Sainte Marie"},"content":{"rendered":"<p class=\"qtranxs-available-languages-message qtranxs-available-languages-message-es\">Disculpa, pero esta entrada est\u00e1 disponible s\u00f3lo en <a href=\"https:\/\/saintemariemayorga64220.fr\/fr\/wp-json\/wp\/v2\/posts\/1829\" class=\"qtranxs-available-language-link qtranxs-available-language-link-fr\" title=\"Fran\u00e7ais\">Franc\u00e9s<\/a>.<\/p>","protected":false},"excerpt":{"rendered":"<p>Disculpa, pero esta entrada est\u00e1 disponible s\u00f3lo en Franc\u00e9s.<\/p>\n","protected":false},"author":1,"featured_media":1830,"comment_status":"closed","ping_status":"open","sticky":false,"template":"","format":"standard","meta":{"spay_email":"","jetpack_publicize_message":"","jetpack_is_tweetstorm":false,"jetpack_publicize_feature_enabled":true},"categories":[41],"tags":[],"jetpack_publicize_connections":[],"jetpack_featured_media_url":"https:\/\/i0.wp.com\/saintemariemayorga64220.fr\/wp-content\/uploads\/2020\/04\/Article-Semaine-du-go\u00fbt-Ecole-Sainte-Marie-2019.jpg?fit=900%2C1600&ssl=1","jetpack_sharing_enabled":true,"jetpack_shortlink":"https:\/\/wp.me\/p9jAgw-tv","jetpack_likes_enabled":true,"jetpack-related-posts":[{"id":1844,"url":"https:\/\/saintemariemayorga64220.fr\/es\/un-carnaval-du-partage-a-lecole-sainte-marie\/","url_meta":{"origin":1829,"position":0},"title":"U","date":"07 de abril de 2020","format":false,"excerpt":"","rel":"","context":"En \u00abLa presse en parle\u00bb","img":{"alt_text":"","src":"https:\/\/i0.wp.com\/saintemariemayorga64220.fr\/wp-content\/uploads\/2020\/04\/Article-Carnaval-Ecole-Sainte-Marie-2020.jpg?fit=667%2C1200&ssl=1&resize=350%2C200","width":350,"height":200},"classes":[]},{"id":1908,"url":"https:\/\/saintemariemayorga64220.fr\/es\/la-semaine-du-gout-a-lecole-sainte-marie-octobre-2020\/","url_meta":{"origin":1829,"position":1},"title":"(Fran\u00e7ais) La semaine du go\u00fbt \u00e0 l&#8217;\u00e9cole Sainte Marie- octobre 2020","date":"06 de noviembre de 2020","format":false,"excerpt":"","rel":"","context":"En \u00abLa presse en parle\u00bb","img":{"alt_text":"","src":"https:\/\/i0.wp.com\/saintemariemayorga64220.fr\/wp-content\/uploads\/2020\/11\/Article-Sud-Ouest-semaine-du-go\u00fbt-2020.jpg?fit=540%2C1200&ssl=1&resize=350%2C200","width":350,"height":200},"classes":[]},{"id":1936,"url":"https:\/\/saintemariemayorga64220.fr\/es\/une-invitee-dans-notre-nouveau-poulailler\/","url_meta":{"origin":1829,"position":2},"title":"(Fran\u00e7ais) Une invit\u00e9e dans notre nouveau poulailler!","date":"26 de noviembre de 2020","format":false,"excerpt":"Disculpa, pero esta entrada est\u00e1 disponible s\u00f3lo en Franc\u00e9s.","rel":"","context":"En \u00abLa presse en parle\u00bb","img":{"alt_text":"","src":"https:\/\/i0.wp.com\/saintemariemayorga64220.fr\/wp-content\/uploads\/2020\/11\/poulailler-3.jpg?fit=1200%2C900&ssl=1&resize=350%2C200","width":350,"height":200},"classes":[]},{"id":1911,"url":"https:\/\/saintemariemayorga64220.fr\/es\/les-joies-de-leau-cycle-natation-cm1-cm2-sept-oct-2020\/","url_meta":{"origin":1829,"position":3},"title":"(Fran\u00e7ais) Les joies de l&#8217;eau  -Cycle natation CM1-CM2 &#8211; sept\/oct 2020","date":"06 de noviembre de 2020","format":false,"excerpt":"Disculpa, pero esta entrada est\u00e1 disponible s\u00f3lo en Franc\u00e9s.","rel":"","context":"En \u00abLa presse en parle\u00bb","img":{"alt_text":"","src":"https:\/\/i0.wp.com\/saintemariemayorga64220.fr\/wp-content\/uploads\/2020\/11\/plongeon-petit-t\u00eatard.jpg?fit=1146%2C1200&ssl=1&resize=350%2C200","width":350,"height":200},"classes":[]},{"id":1700,"url":"https:\/\/saintemariemayorga64220.fr\/es\/inscriptions-contacts\/","url_meta":{"origin":1829,"position":4},"title":"Inscriptions &#8211; contacts","date":"06 de junio de 2019","format":false,"excerpt":"L\u2019\u00e9cole Sainte Marie accueille\u00a0vos enfants \u00e0 tout moment de l\u2019ann\u00e9e de la toute petite section au CM2, en fili\u00e8re bilingue ou monolingue. Pour cela, n\u2019h\u00e9sitez pas \u00e0 prendre rendez-vous avec Mme BORDAGARAY, chef\u2026","rel":"","context":"Entrada similar","img":{"alt_text":"","src":"https:\/\/i0.wp.com\/saintemariemayorga64220.fr\/wp-content\/uploads\/2019\/06\/woman-.jpg?fit=392%2C261&ssl=1&resize=350%2C200","width":350,"height":200},"classes":[]},{"id":952,"url":"https:\/\/saintemariemayorga64220.fr\/es\/journee-theatre-basque-a-urrugne\/","url_meta":{"origin":1829,"position":5},"title":"JOURNEE THEATRE EN BASQUE A URRUGNE","date":"11 de junio de 2016","format":false,"excerpt":"Jeudi 9 juin, les \u00e9l\u00e8ves bilingues ont pass\u00e9 la journ\u00e9e \u00e0 Urrugne \u00e0 l'occasion de la semaine de th\u00e9\u00e2tre en basque, organis\u00e9e par Euskal Haziak. Cette ann\u00e9e, en tant que spectateurs, ils ont pu d\u00e9couvrir des pi\u00e8ces donn\u00e9es par les \u00e9coles de St P\u00e9e, Halsou et Itxassou... La journ\u00e9e a\u2026","rel":"","context":"En \u00abprojet p\u00e9dagogique\u00bb","img":{"alt_text":"","src":"","width":0,"height":0},"classes":[]}],"_links":{"self":[{"href":"https:\/\/saintemariemayorga64220.fr\/es\/wp-json\/wp\/v2\/posts\/1829"}],"collection":[{"href":"https:\/\/saintemariemayorga64220.fr\/es\/wp-json\/wp\/v2\/posts"}],"about":[{"href":"https:\/\/saintemariemayorga64220.fr\/es\/wp-json\/wp\/v2\/types\/post"}],"author":[{"embeddable":true,"href":"https:\/\/saintemariemayorga64220.fr\/es\/wp-json\/wp\/v2\/users\/1"}],"replies":[{"embeddable":true,"href":"https:\/\/saintemariemayorga64220.fr\/es\/wp-json\/wp\/v2\/comments?post=1829"}],"version-history":[{"count":1,"href":"https:\/\/saintemariemayorga64220.fr\/es\/wp-json\/wp\/v2\/posts\/1829\/revisions"}],"predecessor-version":[{"id":1831,"href":"https:\/\/saintemariemayorga64220.fr\/es\/wp-json\/wp\/v2\/posts\/1829\/revisions\/1831"}],"wp:featuredmedia":[{"embeddable":true,"href":"https:\/\/saintemariemayorga64220.fr\/es\/wp-json\/wp\/v2\/media\/1830"}],"wp:attachment":[{"href":"https:\/\/saintemariemayorga64220.fr\/es\/wp-json\/wp\/v2\/media?parent=1829"}],"wp:term":[{"taxonomy":"category","embeddable":true,"href":"https:\/\/saintemariemayorga64220.fr\/es\/wp-json\/wp\/v2\/categories?post=1829"},{"taxonomy":"post_tag","embeddable":true,"href":"https:\/\/saintemariemayorga64220.fr\/es\/wp-json\/wp\/v2\/tags?post=1829"}],"curies":[{"name":"wp","href":"https:\/\/api.w.org\/{rel}","templated":true}]}}