{"id":1908,"date":"2020-11-06T17:53:34","date_gmt":"2020-11-06T16:53:34","guid":{"rendered":"http:\/\/saintemariemayorga64220.fr\/?p=1908"},"modified":"2020-11-06T18:16:24","modified_gmt":"2020-11-06T17:16:24","slug":"la-semaine-du-gout-a-lecole-sainte-marie-octobre-2020","status":"publish","type":"post","link":"https:\/\/saintemariemayorga64220.fr\/es\/la-semaine-du-gout-a-lecole-sainte-marie-octobre-2020\/","title":{"rendered":"(Fran\u00e7ais) La semaine du go\u00fbt \u00e0 l&#8217;\u00e9cole Sainte Marie- octobre 2020"},"content":{"rendered":"<p class=\"qtranxs-available-languages-message qtranxs-available-languages-message-es\">Disculpa, pero esta entrada est\u00e1 disponible s\u00f3lo en <a href=\"https:\/\/saintemariemayorga64220.fr\/fr\/wp-json\/wp\/v2\/posts\/1908\" class=\"qtranxs-available-language-link qtranxs-available-language-link-fr\" title=\"Fran\u00e7ais\">Franc\u00e9s<\/a>.<\/p>","protected":false},"excerpt":{"rendered":"<p>Disculpa, pero esta entrada est\u00e1 disponible s\u00f3lo en Franc\u00e9s.<\/p>\n","protected":false},"author":1,"featured_media":1909,"comment_status":"closed","ping_status":"open","sticky":false,"template":"","format":"standard","meta":{"spay_email":"","jetpack_publicize_message":"","jetpack_is_tweetstorm":false,"jetpack_publicize_feature_enabled":true},"categories":[41],"tags":[],"jetpack_publicize_connections":[],"jetpack_featured_media_url":"https:\/\/i0.wp.com\/saintemariemayorga64220.fr\/wp-content\/uploads\/2020\/11\/Article-Sud-Ouest-semaine-du-go\u00fbt-2020.jpg?fit=1080%2C2400&ssl=1","jetpack_sharing_enabled":true,"jetpack_shortlink":"https:\/\/wp.me\/p9jAgw-uM","jetpack_likes_enabled":true,"jetpack-related-posts":[{"id":1936,"url":"https:\/\/saintemariemayorga64220.fr\/es\/une-invitee-dans-notre-nouveau-poulailler\/","url_meta":{"origin":1908,"position":0},"title":"(Fran\u00e7ais) Une invit\u00e9e dans notre nouveau poulailler!","date":"26 de noviembre de 2020","format":false,"excerpt":"Disculpa, pero esta entrada est\u00e1 disponible s\u00f3lo en Franc\u00e9s.","rel":"","context":"En \u00abLa presse en parle\u00bb","img":{"alt_text":"","src":"https:\/\/i0.wp.com\/saintemariemayorga64220.fr\/wp-content\/uploads\/2020\/11\/poulailler-3.jpg?fit=1200%2C900&ssl=1&resize=350%2C200","width":350,"height":200},"classes":[]},{"id":1844,"url":"https:\/\/saintemariemayorga64220.fr\/es\/un-carnaval-du-partage-a-lecole-sainte-marie\/","url_meta":{"origin":1908,"position":1},"title":"U","date":"07 de abril de 2020","format":false,"excerpt":"","rel":"","context":"En \u00abLa presse en parle\u00bb","img":{"alt_text":"","src":"https:\/\/i0.wp.com\/saintemariemayorga64220.fr\/wp-content\/uploads\/2020\/04\/Article-Carnaval-Ecole-Sainte-Marie-2020.jpg?fit=667%2C1200&ssl=1&resize=350%2C200","width":350,"height":200},"classes":[]},{"id":1829,"url":"https:\/\/saintemariemayorga64220.fr\/es\/feu-dartifice-de-saveurs-et-couleurs-a-lecole-sainte-marie\/","url_meta":{"origin":1908,"position":2},"title":"(Fran\u00e7ais) Feu d&#8217;artifice de saveurs et couleurs \u00e0 l&#8217;\u00e9cole Sainte Marie","date":"07 de abril de 2020","format":false,"excerpt":"","rel":"","context":"En \u00abLa presse en parle\u00bb","img":{"alt_text":"","src":"https:\/\/i0.wp.com\/saintemariemayorga64220.fr\/wp-content\/uploads\/2020\/04\/Article-Semaine-du-go\u00fbt-Ecole-Sainte-Marie-2019.jpg?fit=675%2C1200&ssl=1&resize=350%2C200","width":350,"height":200},"classes":[]},{"id":1911,"url":"https:\/\/saintemariemayorga64220.fr\/es\/les-joies-de-leau-cycle-natation-cm1-cm2-sept-oct-2020\/","url_meta":{"origin":1908,"position":3},"title":"(Fran\u00e7ais) Les joies de l&#8217;eau  -Cycle natation CM1-CM2 &#8211; sept\/oct 2020","date":"06 de noviembre de 2020","format":false,"excerpt":"Disculpa, pero esta entrada est\u00e1 disponible s\u00f3lo en Franc\u00e9s.","rel":"","context":"En \u00abLa presse en parle\u00bb","img":{"alt_text":"","src":"https:\/\/i0.wp.com\/saintemariemayorga64220.fr\/wp-content\/uploads\/2020\/11\/plongeon-petit-t\u00eatard.jpg?fit=1146%2C1200&ssl=1&resize=350%2C200","width":350,"height":200},"classes":[]},{"id":1716,"url":"https:\/\/saintemariemayorga64220.fr\/es\/projet-decole\/","url_meta":{"origin":1908,"position":4},"title":"Projet d&#8217;\u00e9cole","date":"06 de junio de 2019","format":false,"excerpt":"Le projet d\u2019\u00e9cole s\u2019articule en lien avec le projet pastoral et \u00e9ducatif.\u00a0Notre mission principale est, d\u00e8s la maternelle, de donner envie aux enfants d'aller \u00e0 l'\u00e9cole pour apprendre, affirmer et \u00e9panouir leur personnalit\u00e9.\u00a0Durant\u2026","rel":"","context":"Entrada similar","img":{"alt_text":"","src":"https:\/\/i0.wp.com\/saintemariemayorga64220.fr\/wp-content\/uploads\/2019\/06\/projet-enfants.jpg?fit=515%2C340&ssl=1&resize=350%2C200","width":350,"height":200},"classes":[]},{"id":708,"url":"https:\/\/saintemariemayorga64220.fr\/es\/la-semaine-du-gout-2015\/","url_meta":{"origin":1908,"position":5},"title":"LA SEMAINE DU GOUT 2015","date":"24 de octubre de 2015","format":false,"excerpt":"A l'occasion de la semaine du go\u00fbt, les maternelles ont eu l'occasion de d\u00e9couvrir chaque matin\u00a0un petit-d\u00e9jeuner diff\u00e9rent \u00e0 l'\u00e9cole! Un vrai r\u00e9gal !","rel":"","context":"En \u00absemaine du go\u00fbt\u00bb","img":{"alt_text":"","src":"https:\/\/i0.wp.com\/saintemariemayorga64220.fr\/wp-content\/uploads\/2015\/10\/DSCN1234-300x225.jpg?resize=350%2C200","width":350,"height":200},"classes":[]}],"_links":{"self":[{"href":"https:\/\/saintemariemayorga64220.fr\/es\/wp-json\/wp\/v2\/posts\/1908"}],"collection":[{"href":"https:\/\/saintemariemayorga64220.fr\/es\/wp-json\/wp\/v2\/posts"}],"about":[{"href":"https:\/\/saintemariemayorga64220.fr\/es\/wp-json\/wp\/v2\/types\/post"}],"author":[{"embeddable":true,"href":"https:\/\/saintemariemayorga64220.fr\/es\/wp-json\/wp\/v2\/users\/1"}],"replies":[{"embeddable":true,"href":"https:\/\/saintemariemayorga64220.fr\/es\/wp-json\/wp\/v2\/comments?post=1908"}],"version-history":[{"count":1,"href":"https:\/\/saintemariemayorga64220.fr\/es\/wp-json\/wp\/v2\/posts\/1908\/revisions"}],"predecessor-version":[{"id":1910,"href":"https:\/\/saintemariemayorga64220.fr\/es\/wp-json\/wp\/v2\/posts\/1908\/revisions\/1910"}],"wp:featuredmedia":[{"embeddable":true,"href":"https:\/\/saintemariemayorga64220.fr\/es\/wp-json\/wp\/v2\/media\/1909"}],"wp:attachment":[{"href":"https:\/\/saintemariemayorga64220.fr\/es\/wp-json\/wp\/v2\/media?parent=1908"}],"wp:term":[{"taxonomy":"category","embeddable":true,"href":"https:\/\/saintemariemayorga64220.fr\/es\/wp-json\/wp\/v2\/categories?post=1908"},{"taxonomy":"post_tag","embeddable":true,"href":"https:\/\/saintemariemayorga64220.fr\/es\/wp-json\/wp\/v2\/tags?post=1908"}],"curies":[{"name":"wp","href":"https:\/\/api.w.org\/{rel}","templated":true}]}}