{"id":1911,"date":"2020-11-06T17:58:02","date_gmt":"2020-11-06T16:58:02","guid":{"rendered":"http:\/\/saintemariemayorga64220.fr\/?p=1911"},"modified":"2020-11-06T18:15:02","modified_gmt":"2020-11-06T17:15:02","slug":"les-joies-de-leau-cycle-natation-cm1-cm2-sept-oct-2020","status":"publish","type":"post","link":"https:\/\/saintemariemayorga64220.fr\/es\/les-joies-de-leau-cycle-natation-cm1-cm2-sept-oct-2020\/","title":{"rendered":"(Fran\u00e7ais) Les joies de l&#8217;eau  -Cycle natation CM1-CM2 &#8211; sept\/oct 2020"},"content":{"rendered":"<p class=\"qtranxs-available-languages-message qtranxs-available-languages-message-es\">Disculpa, pero esta entrada est\u00e1 disponible s\u00f3lo en <a href=\"https:\/\/saintemariemayorga64220.fr\/fr\/wp-json\/wp\/v2\/posts\/1911\" class=\"qtranxs-available-language-link qtranxs-available-language-link-fr\" title=\"Fran\u00e7ais\">Franc\u00e9s<\/a>.<\/p>","protected":false},"excerpt":{"rendered":"<p>Disculpa, pero esta entrada est\u00e1 disponible s\u00f3lo en Franc\u00e9s.<\/p>\n","protected":false},"author":1,"featured_media":1914,"comment_status":"closed","ping_status":"open","sticky":false,"template":"","format":"standard","meta":{"spay_email":"","jetpack_publicize_message":"","jetpack_is_tweetstorm":false,"jetpack_publicize_feature_enabled":true},"categories":[41],"tags":[],"jetpack_publicize_connections":[],"jetpack_featured_media_url":"https:\/\/i0.wp.com\/saintemariemayorga64220.fr\/wp-content\/uploads\/2020\/11\/plongeon-petit-t\u00eatard.jpg?fit=2490%2C2608&ssl=1","jetpack_sharing_enabled":true,"jetpack_shortlink":"https:\/\/wp.me\/p9jAgw-uP","jetpack_likes_enabled":true,"jetpack-related-posts":[{"id":1716,"url":"https:\/\/saintemariemayorga64220.fr\/es\/projet-decole\/","url_meta":{"origin":1911,"position":0},"title":"Projet d&#8217;\u00e9cole","date":"06 de junio de 2019","format":false,"excerpt":"Le projet d\u2019\u00e9cole s\u2019articule en lien avec le projet pastoral et \u00e9ducatif.\u00a0Notre mission principale est, d\u00e8s la maternelle, de donner envie aux enfants d'aller \u00e0 l'\u00e9cole pour apprendre, affirmer et \u00e9panouir leur personnalit\u00e9.\u00a0Durant\u2026","rel":"","context":"Entrada similar","img":{"alt_text":"","src":"https:\/\/i0.wp.com\/saintemariemayorga64220.fr\/wp-content\/uploads\/2019\/06\/projet-enfants.jpg?fit=515%2C340&ssl=1&resize=350%2C200","width":350,"height":200},"classes":[]},{"id":964,"url":"https:\/\/saintemariemayorga64220.fr\/es\/enigmathic\/","url_meta":{"origin":1911,"position":1},"title":"EnigMATH&#8217;ic","date":"16 de junio de 2016","format":false,"excerpt":"Jeudi 16 juin, les \u00e9l\u00e8ves de CM1, CM2 et 6\u00e8me ont planch\u00e9 sur des \u00e9nigmes cr\u00e9\u00e9es par les \u00e9l\u00e8ves de 4\u00e8me dans le cadre du concours maths EnigMATH'ic! F\u00e9licitations \u00e0 Marco, Alaia et Sara (CM1), Eva, Julie et Jules (CM2) et Diego, Marie et Lucas (6\u00e8me) qui ont remport\u00e9 ces\u2026","rel":"","context":"En \u00abprojet p\u00e9dagogique\u00bb","img":{"alt_text":"","src":"","width":0,"height":0},"classes":[]},{"id":952,"url":"https:\/\/saintemariemayorga64220.fr\/es\/journee-theatre-basque-a-urrugne\/","url_meta":{"origin":1911,"position":2},"title":"JOURNEE THEATRE EN BASQUE A URRUGNE","date":"11 de junio de 2016","format":false,"excerpt":"Jeudi 9 juin, les \u00e9l\u00e8ves bilingues ont pass\u00e9 la journ\u00e9e \u00e0 Urrugne \u00e0 l'occasion de la semaine de th\u00e9\u00e2tre en basque, organis\u00e9e par Euskal Haziak. Cette ann\u00e9e, en tant que spectateurs, ils ont pu d\u00e9couvrir des pi\u00e8ces donn\u00e9es par les \u00e9coles de St P\u00e9e, Halsou et Itxassou... La journ\u00e9e a\u2026","rel":"","context":"En \u00abprojet p\u00e9dagogique\u00bb","img":{"alt_text":"","src":"","width":0,"height":0},"classes":[]},{"id":1700,"url":"https:\/\/saintemariemayorga64220.fr\/es\/inscriptions-contacts\/","url_meta":{"origin":1911,"position":3},"title":"Inscriptions &#8211; contacts","date":"06 de junio de 2019","format":false,"excerpt":"L\u2019\u00e9cole Sainte Marie accueille\u00a0vos enfants \u00e0 tout moment de l\u2019ann\u00e9e de la toute petite section au CM2, en fili\u00e8re bilingue ou monolingue. Pour cela, n\u2019h\u00e9sitez pas \u00e0 prendre rendez-vous avec Mme BORDAGARAY, chef\u2026","rel":"","context":"Entrada similar","img":{"alt_text":"","src":"https:\/\/i0.wp.com\/saintemariemayorga64220.fr\/wp-content\/uploads\/2019\/06\/woman-.jpg?fit=392%2C261&ssl=1&resize=350%2C200","width":350,"height":200},"classes":[]},{"id":597,"url":"https:\/\/saintemariemayorga64220.fr\/es\/semaine-sur-leau-classe-de-5eme\/","url_meta":{"origin":1911,"position":4},"title":"SEMAINE SUR L&#8217;EAU &#8211; Classe de 5\u00e8me","date":"15 de julio de 2015","format":false,"excerpt":"Du 9 au 13 f\u00e9vrier, les \u00e9l\u00e8ves de la classe de 5\u00e8me ont travaill\u00e9 sur le th\u00e8me de l'eau, pour une approche \"sur le terrain\" de notions travaill\u00e9es en SVT et Sciences Physiques. Ainsi, Mme N'Doye et Mme Luro leur ont concoct\u00e9 un programme riche et de qualit\u00e9 : -\u2026","rel":"","context":"En \u00abprojet p\u00e9dagogique\u00bb","img":{"alt_text":"","src":"https:\/\/i0.wp.com\/saintemariemayorga64220.fr\/wp-content\/uploads\/2015\/07\/Coll\u00c3\u00a8ge-Mayorga-24.01.15-3-300x200.jpg?resize=350%2C200","width":350,"height":200},"classes":[]},{"id":790,"url":"https:\/\/saintemariemayorga64220.fr\/es\/portes-ouvertes-ate-idekitzeak\/","url_meta":{"origin":1911,"position":5},"title":"PORTES OUVERTES \/ ATE IDEKITZEAK","date":"25 de enero de 2016","format":false,"excerpt":"article paru dans Sud Ouest Au sein de l'ensemble scolaire Sainte Marie-Mayorga, c'est une v\u00e9ritable \u00e9cole de la vie qui est propos\u00e9e aux familles qui veulent bien y confier leurs... Au sein de l'ensemble scolaire Sainte Marie-Mayorga, c'est une v\u00e9ritable \u00e9cole de la vie qui est propos\u00e9e aux familles qui\u2026","rel":"","context":"En \u00abprojet p\u00e9dagogique\u00bb","img":{"alt_text":"","src":"","width":0,"height":0},"classes":[]}],"_links":{"self":[{"href":"https:\/\/saintemariemayorga64220.fr\/es\/wp-json\/wp\/v2\/posts\/1911"}],"collection":[{"href":"https:\/\/saintemariemayorga64220.fr\/es\/wp-json\/wp\/v2\/posts"}],"about":[{"href":"https:\/\/saintemariemayorga64220.fr\/es\/wp-json\/wp\/v2\/types\/post"}],"author":[{"embeddable":true,"href":"https:\/\/saintemariemayorga64220.fr\/es\/wp-json\/wp\/v2\/users\/1"}],"replies":[{"embeddable":true,"href":"https:\/\/saintemariemayorga64220.fr\/es\/wp-json\/wp\/v2\/comments?post=1911"}],"version-history":[{"count":1,"href":"https:\/\/saintemariemayorga64220.fr\/es\/wp-json\/wp\/v2\/posts\/1911\/revisions"}],"predecessor-version":[{"id":1913,"href":"https:\/\/saintemariemayorga64220.fr\/es\/wp-json\/wp\/v2\/posts\/1911\/revisions\/1913"}],"wp:featuredmedia":[{"embeddable":true,"href":"https:\/\/saintemariemayorga64220.fr\/es\/wp-json\/wp\/v2\/media\/1914"}],"wp:attachment":[{"href":"https:\/\/saintemariemayorga64220.fr\/es\/wp-json\/wp\/v2\/media?parent=1911"}],"wp:term":[{"taxonomy":"category","embeddable":true,"href":"https:\/\/saintemariemayorga64220.fr\/es\/wp-json\/wp\/v2\/categories?post=1911"},{"taxonomy":"post_tag","embeddable":true,"href":"https:\/\/saintemariemayorga64220.fr\/es\/wp-json\/wp\/v2\/tags?post=1911"}],"curies":[{"name":"wp","href":"https:\/\/api.w.org\/{rel}","templated":true}]}}