{"id":1928,"date":"2020-11-07T17:47:55","date_gmt":"2020-11-07T16:47:55","guid":{"rendered":"http:\/\/saintemariemayorga64220.fr\/?p=1928"},"modified":"2020-11-07T18:24:48","modified_gmt":"2020-11-07T17:24:48","slug":"pour-le-bien-etre-de-lenfant-des-activites-sportives-covid-compatibles","status":"publish","type":"post","link":"https:\/\/saintemariemayorga64220.fr\/es\/pour-le-bien-etre-de-lenfant-des-activites-sportives-covid-compatibles\/","title":{"rendered":"(Fran\u00e7ais) Pour le bien \u00eatre de l&#8217;enfant, des activit\u00e9s sportives COVID Compatibles"},"content":{"rendered":"<p class=\"qtranxs-available-languages-message qtranxs-available-languages-message-es\">Disculpa, pero esta entrada est\u00e1 disponible s\u00f3lo en <a href=\"https:\/\/saintemariemayorga64220.fr\/fr\/wp-json\/wp\/v2\/posts\/1928\" class=\"qtranxs-available-language-link qtranxs-available-language-link-fr\" title=\"Fran\u00e7ais\">Franc\u00e9s<\/a>.<\/p>","protected":false},"excerpt":{"rendered":"","protected":false},"author":1,"featured_media":1914,"comment_status":"closed","ping_status":"open","sticky":false,"template":"","format":"standard","meta":{"spay_email":"","jetpack_publicize_message":"","jetpack_is_tweetstorm":false,"jetpack_publicize_feature_enabled":true},"categories":[42],"tags":[],"jetpack_publicize_connections":[],"jetpack_featured_media_url":"https:\/\/i0.wp.com\/saintemariemayorga64220.fr\/wp-content\/uploads\/2020\/11\/plongeon-petit-t\u00eatard.jpg?fit=2490%2C2608&ssl=1","jetpack_sharing_enabled":true,"jetpack_shortlink":"https:\/\/wp.me\/p9jAgw-v6","jetpack_likes_enabled":true,"jetpack-related-posts":[{"id":916,"url":"https:\/\/saintemariemayorga64220.fr\/es\/recompense-regionale-mini-entreprise-de-3-reussite\/","url_meta":{"origin":1928,"position":0},"title":"UNE RECOMPENSE REGIONALE POUR LA MINI-ENTREPRISE DE 3EME REUSSITE","date":"02 de junio de 2016","format":false,"excerpt":"L'\u00e9quipe a remport\u00e9 le prix de la communication au Championnat R\u00e9gionale des mini entreprises EPA \u00e0 Bruges le 19 mai 2016. \u00a0 Cliquez sur l'image pour voir la vid\u00e9o","rel":"","context":"En \u00abprojet p\u00e9dagogique\u00bb","img":{"alt_text":"","src":"https:\/\/i0.wp.com\/saintemariemayorga64220.fr\/wp-content\/uploads\/2016\/06\/epa-prix-212x300.jpg?resize=350%2C200","width":350,"height":200},"classes":[]},{"id":1704,"url":"https:\/\/saintemariemayorga64220.fr\/es\/tarifs\/","url_meta":{"origin":1928,"position":1},"title":"(Fran\u00e7ais) Tarifs","date":"06 de junio de 2019","format":false,"excerpt":"Tarifs pour l\u2019ann\u00e9e 2024\/2025: Scolarit\u00e9:\u00a0 22,30 \u20ac par mois et par enfant. D\u00c9GRESSIVIT\u00c9 DES TARIFS : De fa\u00e7on automatique, 5% seront accord\u00e9s sur la scolarit\u00e9 du 2\u00b0 enfant, 20 % sur celles du\u2026","rel":"","context":"Entrada similar","img":{"alt_text":"","src":"https:\/\/i0.wp.com\/saintemariemayorga64220.fr\/wp-content\/uploads\/2019\/06\/monnaie.jpg?fit=453%2C340&ssl=1&resize=350%2C200","width":350,"height":200},"classes":[]},{"id":1844,"url":"https:\/\/saintemariemayorga64220.fr\/es\/un-carnaval-du-partage-a-lecole-sainte-marie\/","url_meta":{"origin":1928,"position":2},"title":"U","date":"07 de abril de 2020","format":false,"excerpt":"","rel":"","context":"En \u00abLa presse en parle\u00bb","img":{"alt_text":"","src":"https:\/\/i0.wp.com\/saintemariemayorga64220.fr\/wp-content\/uploads\/2020\/04\/Article-Carnaval-Ecole-Sainte-Marie-2020.jpg?fit=667%2C1200&ssl=1&resize=350%2C200","width":350,"height":200},"classes":[]},{"id":1829,"url":"https:\/\/saintemariemayorga64220.fr\/es\/feu-dartifice-de-saveurs-et-couleurs-a-lecole-sainte-marie\/","url_meta":{"origin":1928,"position":3},"title":"(Fran\u00e7ais) Feu d&#8217;artifice de saveurs et couleurs \u00e0 l&#8217;\u00e9cole Sainte Marie","date":"07 de abril de 2020","format":false,"excerpt":"","rel":"","context":"En \u00abLa presse en parle\u00bb","img":{"alt_text":"","src":"https:\/\/i0.wp.com\/saintemariemayorga64220.fr\/wp-content\/uploads\/2020\/04\/Article-Semaine-du-go\u00fbt-Ecole-Sainte-Marie-2019.jpg?fit=675%2C1200&ssl=1&resize=350%2C200","width":350,"height":200},"classes":[]},{"id":1908,"url":"https:\/\/saintemariemayorga64220.fr\/es\/la-semaine-du-gout-a-lecole-sainte-marie-octobre-2020\/","url_meta":{"origin":1928,"position":4},"title":"(Fran\u00e7ais) La semaine du go\u00fbt \u00e0 l&#8217;\u00e9cole Sainte Marie- octobre 2020","date":"06 de noviembre de 2020","format":false,"excerpt":"","rel":"","context":"En \u00abLa presse en parle\u00bb","img":{"alt_text":"","src":"https:\/\/i0.wp.com\/saintemariemayorga64220.fr\/wp-content\/uploads\/2020\/11\/Article-Sud-Ouest-semaine-du-go\u00fbt-2020.jpg?fit=540%2C1200&ssl=1&resize=350%2C200","width":350,"height":200},"classes":[]},{"id":1936,"url":"https:\/\/saintemariemayorga64220.fr\/es\/une-invitee-dans-notre-nouveau-poulailler\/","url_meta":{"origin":1928,"position":5},"title":"(Fran\u00e7ais) Une invit\u00e9e dans notre nouveau poulailler!","date":"26 de noviembre de 2020","format":false,"excerpt":"Disculpa, pero esta entrada est\u00e1 disponible s\u00f3lo en Franc\u00e9s.","rel":"","context":"En \u00abLa presse en parle\u00bb","img":{"alt_text":"","src":"https:\/\/i0.wp.com\/saintemariemayorga64220.fr\/wp-content\/uploads\/2020\/11\/poulailler-3.jpg?fit=1200%2C900&ssl=1&resize=350%2C200","width":350,"height":200},"classes":[]}],"_links":{"self":[{"href":"https:\/\/saintemariemayorga64220.fr\/es\/wp-json\/wp\/v2\/posts\/1928"}],"collection":[{"href":"https:\/\/saintemariemayorga64220.fr\/es\/wp-json\/wp\/v2\/posts"}],"about":[{"href":"https:\/\/saintemariemayorga64220.fr\/es\/wp-json\/wp\/v2\/types\/post"}],"author":[{"embeddable":true,"href":"https:\/\/saintemariemayorga64220.fr\/es\/wp-json\/wp\/v2\/users\/1"}],"replies":[{"embeddable":true,"href":"https:\/\/saintemariemayorga64220.fr\/es\/wp-json\/wp\/v2\/comments?post=1928"}],"version-history":[{"count":1,"href":"https:\/\/saintemariemayorga64220.fr\/es\/wp-json\/wp\/v2\/posts\/1928\/revisions"}],"predecessor-version":[{"id":1929,"href":"https:\/\/saintemariemayorga64220.fr\/es\/wp-json\/wp\/v2\/posts\/1928\/revisions\/1929"}],"wp:featuredmedia":[{"embeddable":true,"href":"https:\/\/saintemariemayorga64220.fr\/es\/wp-json\/wp\/v2\/media\/1914"}],"wp:attachment":[{"href":"https:\/\/saintemariemayorga64220.fr\/es\/wp-json\/wp\/v2\/media?parent=1928"}],"wp:term":[{"taxonomy":"category","embeddable":true,"href":"https:\/\/saintemariemayorga64220.fr\/es\/wp-json\/wp\/v2\/categories?post=1928"},{"taxonomy":"post_tag","embeddable":true,"href":"https:\/\/saintemariemayorga64220.fr\/es\/wp-json\/wp\/v2\/tags?post=1928"}],"curies":[{"name":"wp","href":"https:\/\/api.w.org\/{rel}","templated":true}]}}