{"id":1404,"date":"2018-02-16T09:50:04","date_gmt":"2018-02-16T08:50:04","guid":{"rendered":"http:\/\/saintemariemayorga64220.fr\/?p=1404"},"modified":"2020-04-07T15:00:04","modified_gmt":"2020-04-07T14:00:04","slug":"numero-de-janvier-fevrier","status":"publish","type":"post","link":"https:\/\/saintemariemayorga64220.fr\/eu\/numero-de-janvier-fevrier\/","title":{"rendered":"Num\u00e9ro de janvier-f\u00e9vrier"},"content":{"rendered":"<p>[et_pb_section bb_built=&#8221;1&#8243;][et_pb_row][\/et_pb_row][et_pb_row][et_pb_column type=&#8221;4_4&#8243;][et_pb_text _builder_version=&#8221;3.0.84&#8243; background_layout=&#8221;light&#8221;]<\/p>\n<a href=\"https:\/\/saintemariemayorga64220.fr\/wp-content\/uploads\/2018\/02\/mayorgactu-janvier-f\u00e9vrier.pdf\" class=\"pdfemb-viewer\" style=\"\" data-width=\"max\" data-height=\"max\"  data-toolbar=\"bottom\" data-toolbar-fixed=\"off\">mayorgactu janvier f\u00e9vrier<br\/><\/a>\n<p>[\/et_pb_text][\/et_pb_column][\/et_pb_row][\/et_pb_section]<\/p>\n","protected":false},"excerpt":{"rendered":"<p>[et_pb_section bb_built=&#8221;1&#8243;][et_pb_row][\/et_pb_row][et_pb_row][et_pb_column type=&#8221;4_4&#8243;][et_pb_text _builder_version=&#8221;3.0.84&#8243; background_layout=&#8221;light&#8221;] [\/et_pb_text][\/et_pb_column][\/et_pb_row][\/et_pb_section]<\/p>\n","protected":false},"author":1,"featured_media":1406,"comment_status":"closed","ping_status":"open","sticky":false,"template":"","format":"standard","meta":{"spay_email":"","jetpack_publicize_message":"","jetpack_is_tweetstorm":false,"jetpack_publicize_feature_enabled":true},"categories":[38],"tags":[],"jetpack_publicize_connections":[],"jetpack_featured_media_url":"https:\/\/i0.wp.com\/saintemariemayorga64220.fr\/wp-content\/uploads\/2018\/02\/winter-1209348_1920.jpg?fit=1920%2C1281&ssl=1","jetpack_sharing_enabled":true,"jetpack_shortlink":"https:\/\/wp.me\/p9jAgw-mE","jetpack_likes_enabled":true,"jetpack-related-posts":[{"id":246,"url":"https:\/\/saintemariemayorga64220.fr\/eu\/orientation-3-2014-2015\/","url_meta":{"origin":1404,"position":0},"title":"Orientation 3\u00b0","date":"2014 November 14, Friday","format":false,"excerpt":"Possibilit\u00e9 de mini stage d'une demi journ\u00e9e \u00e0 une journ\u00e9e dans diff\u00e9rents lyc\u00e9es. Nous contacter. Portes ouvertes : Sauveterre, Lyc\u00e9e Notre Dame (Bac Pro SAPAT (Service \u00e0 la personne et aux territoires), bac pro STAV SAP (sciences technologie de l\u2019agronomie et du vivant, sp\u00e9cialit\u00e9 services aux personnes). Possibilit\u00e9 de poursuivre\u2026","rel":"","context":"In &quot;orientation 3\u00b0&quot;","img":{"alt_text":"","src":"","width":0,"height":0},"classes":[]},{"id":597,"url":"https:\/\/saintemariemayorga64220.fr\/eu\/semaine-sur-leau-classe-de-5eme\/","url_meta":{"origin":1404,"position":1},"title":"SEMAINE SUR L&#8217;EAU &#8211; Classe de 5\u00e8me","date":"2015 July 15, Wednesday","format":false,"excerpt":"Du 9 au 13 f\u00e9vrier, les \u00e9l\u00e8ves de la classe de 5\u00e8me ont travaill\u00e9 sur le th\u00e8me de l'eau, pour une approche \"sur le terrain\" de notions travaill\u00e9es en SVT et Sciences Physiques. Ainsi, Mme N'Doye et Mme Luro leur ont concoct\u00e9 un programme riche et de qualit\u00e9 : -\u2026","rel":"","context":"In &quot;projet p\u00e9dagogique&quot;","img":{"alt_text":"","src":"https:\/\/i0.wp.com\/saintemariemayorga64220.fr\/wp-content\/uploads\/2015\/07\/Coll\u00c3\u00a8ge-Mayorga-24.01.15-3-300x200.jpg?resize=350%2C200","width":350,"height":200},"classes":[]},{"id":1363,"url":"https:\/\/saintemariemayorga64220.fr\/eu\/numero-de-janvier\/","url_meta":{"origin":1404,"position":2},"title":"Num\u00e9ro de septembre","date":"2018 February 15, Thursday","format":false,"excerpt":"","rel":"","context":"In &quot;Mayorg'actu&quot;","img":{"alt_text":"","src":"https:\/\/i0.wp.com\/saintemariemayorga64220.fr\/wp-content\/uploads\/2018\/02\/back-to-school-2614359_1920.jpg?fit=1200%2C810&ssl=1&resize=350%2C200","width":350,"height":200},"classes":[]},{"id":502,"url":"https:\/\/saintemariemayorga64220.fr\/eu\/un-devoir-de-memoire\/","url_meta":{"origin":1404,"position":3},"title":"Un devoir de m\u00e9moire&#8230;","date":"2015 January 22, Thursday","format":false,"excerpt":"Concours National de la R\u00e9sistance\u00a0: - Mardi 20 janvier, les 3A et 3B se sont rendus \u00e0 l\u2019Abbaye de Belloc pour rencontrer fr\u00e8re Marc qui a t\u00e9moign\u00e9 sur le retour des camps de d\u00e9port\u00e9s. Pour cette sortie, ils \u00e9taient accompagn\u00e9s de la classe de 3\u00e8me du coll\u00e8ge Donostei, qui travaille\u2026","rel":"","context":"In &quot;projet p\u00e9dagogique&quot;","img":{"alt_text":"","src":"https:\/\/i0.wp.com\/saintemariemayorga64220.fr\/wp-content\/uploads\/2015\/01\/DSCN0999-300x225.jpg?resize=350%2C200","width":350,"height":200},"classes":[]},{"id":510,"url":"https:\/\/saintemariemayorga64220.fr\/eu\/citoyennete\/","url_meta":{"origin":1404,"position":4},"title":"Citoyennet\u00e9","date":"2015 January 22, Thursday","format":false,"excerpt":"Le jeudi 8 janvier 2015, tous les \u00e9l\u00e8ves du coll\u00e8ge se sont r\u00e9unis dans la cours de r\u00e9cr\u00e9ation pour former une ronde silencieuse. C'est ainsi que main dans la main ils ont rendu hommage aux victimes des attentats terroristes. Apr\u00e8s la minute de silence, les mots ont fus\u00e9 de part\u2026","rel":"","context":"In &quot;citoyennet\u00e9&quot;","img":{"alt_text":"","src":"","width":0,"height":0},"classes":[]},{"id":515,"url":"https:\/\/saintemariemayorga64220.fr\/eu\/graines-de-champion\/","url_meta":{"origin":1404,"position":5},"title":"UNSS : Graines de champions !","date":"2015 January 22, Thursday","format":false,"excerpt":"En janvier ... L'\u00e9quipe de handball gar\u00e7ons (4\u00b0 \/ 3\u00b0)s'est tr\u00e8s bien comport\u00e9e aux championnats d\u00e9partementaux : ils ont termin\u00e9 \u00e0 la 3\u00e8me place ! Quant l'\u00e9quipe de football gar\u00e7ons (6\u00b0 \/ 5\u00b0), ils ont brillamment fini 4\u00e8me des championnats d\u00e9partementaux. Bravo \u00e0 eux ! En d\u00e9cembre... Bravo \u00e0 nos\u2026","rel":"","context":"In &quot;sport&quot;","img":{"alt_text":"","src":"https:\/\/i0.wp.com\/saintemariemayorga64220.fr\/wp-content\/uploads\/2015\/01\/DSCN3067-300x225.jpg?resize=350%2C200","width":350,"height":200},"classes":[]}],"_links":{"self":[{"href":"https:\/\/saintemariemayorga64220.fr\/eu\/wp-json\/wp\/v2\/posts\/1404"}],"collection":[{"href":"https:\/\/saintemariemayorga64220.fr\/eu\/wp-json\/wp\/v2\/posts"}],"about":[{"href":"https:\/\/saintemariemayorga64220.fr\/eu\/wp-json\/wp\/v2\/types\/post"}],"author":[{"embeddable":true,"href":"https:\/\/saintemariemayorga64220.fr\/eu\/wp-json\/wp\/v2\/users\/1"}],"replies":[{"embeddable":true,"href":"https:\/\/saintemariemayorga64220.fr\/eu\/wp-json\/wp\/v2\/comments?post=1404"}],"version-history":[{"count":1,"href":"https:\/\/saintemariemayorga64220.fr\/eu\/wp-json\/wp\/v2\/posts\/1404\/revisions"}],"predecessor-version":[{"id":1407,"href":"https:\/\/saintemariemayorga64220.fr\/eu\/wp-json\/wp\/v2\/posts\/1404\/revisions\/1407"}],"wp:featuredmedia":[{"embeddable":true,"href":"https:\/\/saintemariemayorga64220.fr\/eu\/wp-json\/wp\/v2\/media\/1406"}],"wp:attachment":[{"href":"https:\/\/saintemariemayorga64220.fr\/eu\/wp-json\/wp\/v2\/media?parent=1404"}],"wp:term":[{"taxonomy":"category","embeddable":true,"href":"https:\/\/saintemariemayorga64220.fr\/eu\/wp-json\/wp\/v2\/categories?post=1404"},{"taxonomy":"post_tag","embeddable":true,"href":"https:\/\/saintemariemayorga64220.fr\/eu\/wp-json\/wp\/v2\/tags?post=1404"}],"curies":[{"name":"wp","href":"https:\/\/api.w.org\/{rel}","templated":true}]}}