{"id":1714,"date":"2019-06-06T09:15:52","date_gmt":"2019-06-06T08:15:52","guid":{"rendered":"http:\/\/saintemariemayorga64220.fr\/?p=1714"},"modified":"2020-04-09T15:18:38","modified_gmt":"2020-04-09T14:18:38","slug":"projet-pastoral","status":"publish","type":"post","link":"https:\/\/saintemariemayorga64220.fr\/eu\/projet-pastoral\/","title":{"rendered":"Projet pastoral"},"content":{"rendered":"<p>[et_pb_section fb_built=&#8221;1&#8243; admin_label=&#8221;section&#8221; _builder_version=&#8221;3.0.47&#8243; custom_padding=&#8221;54px|0px|54px|0px&#8221;][et_pb_row admin_label=&#8221;row&#8221; _builder_version=&#8221;3.0.47&#8243; background_size=&#8221;initial&#8221; background_position=&#8221;top_left&#8221; background_repeat=&#8221;repeat&#8221;][et_pb_column type=&#8221;4_4&#8243; _builder_version=&#8221;3.0.47&#8243; parallax=&#8221;off&#8221; parallax_method=&#8221;on&#8221;][et_pb_text admin_label=&#8221;Text&#8221; _builder_version=&#8221;3.0.47&#8243; background_size=&#8221;initial&#8221; background_position=&#8221;top_left&#8221; background_repeat=&#8221;repeat&#8221;]<\/p>\n<p>Cette ann\u00e9e, les \u00e9l\u00e8ves travaillent plus particuli\u00e8rement la notion de coop\u00e9ration. Pourquoi?<\/p>\n<p><span style=\"color: #000000;\">La\u00a0p\u00e9dagogie coop\u00e9rative\u00a0repose sur une\u00a0<a style=\"color: #000000;\" href=\"https:\/\/fr.wikipedia.org\/wiki\/Philosophie_de_l%27%C3%A9ducation\">philosophie de l&#8217;instruction<\/a>\u00a0qui place l&#8217;\u00e9l\u00e8ve en tant qu&#8217;<a style=\"color: #000000;\" href=\"https:\/\/fr.wikipedia.org\/wiki\/P%C3%A9dagogie_active\">acteur de ses apprentissages<\/a>, capable de participer \u00e0 l&#8217;\u00e9laboration de ses comp\u00e9tences en coop\u00e9ration avec l&#8217;enseignant et ses pairs. L&#8217;acquisition des connaissances r\u00e9sulte alors d&#8217;une \u00ab\u00a0collaboration de l&#8217;enseignant et des \u00e9l\u00e8ves, et des \u00e9l\u00e8ves entre eux, au sein d&#8217;\u00e9quipes de travail\u00a0\u00bb. Il s&#8217;agit de mettre l&#8217;\u00e9l\u00e8ve en situation vraie d&#8217;action, une situation o\u00f9 il peut exercer ses capacit\u00e9s, o\u00f9 avec le groupe il construit des r\u00e9ponses adapt\u00e9es aux questions soulev\u00e9es par la mise en \u0153uvre de\u00a0<a style=\"color: #000000;\" href=\"https:\/\/fr.wikipedia.org\/wiki\/P%C3%A9dagogie_de_projet\">projets<\/a>\u00a0individuels ou collectifs. C&#8217;est en termes de contrat (avec l&#8217;enseignant, les autres et soi-m\u00eame), que la d\u00e9marche coop\u00e9rative trouve son sens plein et entier..\u00a0\u00a0\u00a0\u00a0\u00a0\u00a0\u00a0\u00a0\u00a0\u00a0\u00a0 \u00a0\u00a0\u00a0\u00a0\u00a0\u00a0\u00a0\u00a0\u00a0<\/span><\/p>\n<p><span style=\"color: #000000;\">Le syst\u00e8me coop\u00e9ratif assure l&#8217;<a style=\"color: #000000;\" href=\"https:\/\/fr.wikipedia.org\/wiki\/Entraide\">entraide<\/a>, la libert\u00e9 de faire, de dire et de penser au sein du groupe, tout en garantissant le\u00a0<a style=\"color: #000000;\" href=\"https:\/\/fr.wikipedia.org\/wiki\/Respect\">respect<\/a>\u00a0de chacun. Aux vues des complexit\u00e9s existantes, la p\u00e9dagogie coop\u00e9rative peut apprendre aux \u00e9l\u00e8ves l\u2019esprit d\u2019\u00e9quipe, qu\u2019au-del\u00e0 de leurs diff\u00e9rences, il est possible de se respecter les uns les autres et de s\u2019apporter mutuellement des \u00ab\u00a0richesses\u00a0\u00bb dont l\u2019autre ne disposait pas jusque-l\u00e0. Tout ceci participe \u00e0 l\u2019am\u00e9lioration des conditions d\u2019apprentissage et de travail pour chacun quel que soit son \u00e2ge ou son r\u00f4le dans l\u2019\u00e9cole.<\/span><\/p>\n<p><span style=\"color: #000000;\">L&#8217;enfant, adulte de demain, telle une graine, peut ainsi grandir, \u00e9clore et s&#8217;\u00e9panouir, avan\u00e7ant dans la lumi\u00e8re, dans cette vie qui lui est accord\u00e9e.<\/span><\/p>\n<p><em><strong><span style=\"color: #001144;\">Pastorala :<\/span><\/strong><\/em><\/p>\n<p><em><strong><span style=\"color: #001144;\">Aurten, lehentasuna lankidantzari emana da.<\/span><\/strong><\/em><\/p>\n<p><em><strong><span style=\"color: #001144;\">Ikasleak beren ikasketen aktore bilakatzen dira, erakasle eta beste haurren laguntzarekin. Ikasleak egiazko egoera batean emanak dira nun elgarren artean proiektu bati buruz edo problema batentzat erantzun egoki batzu ekartzen dituzte.<\/span><\/strong><\/em><\/p>\n<p><em><strong><span style=\"color: #001144;\">Elgar lagunduz, talde batean, ikusteko, erraiteko eta egiteko manera desberdinak errespetatzen dituzte.<\/span><\/strong><\/em><\/p>\n<p><em><strong><span style=\"color: #001144;\">Oraiko ikaslea, geroko heldua, hazi bat bezala, haundituko , zabalduko, idekiko da, prest sartzeko bere bizian.<\/span><\/strong><\/em><\/p>\n<p>[\/et_pb_text][\/et_pb_column][\/et_pb_row][\/et_pb_section]<\/p>\n","protected":false},"excerpt":{"rendered":"<p>[et_pb_section fb_built=&#8221;1&#8243; admin_label=&#8221;section&#8221; _builder_version=&#8221;3.0.47&#8243; custom_padding=&#8221;54px|0px|54px|0px&#8221;][et_pb_row admin_label=&#8221;row&#8221; _builder_version=&#8221;3.0.47&#8243; background_size=&#8221;initial&#8221; background_position=&#8221;top_left&#8221; background_repeat=&#8221;repeat&#8221;][et_pb_column type=&#8221;4_4&#8243; _builder_version=&#8221;3.0.47&#8243; parallax=&#8221;off&#8221; parallax_method=&#8221;on&#8221;][et_pb_text admin_label=&#8221;Text&#8221; _builder_version=&#8221;3.0.47&#8243; background_size=&#8221;initial&#8221; background_position=&#8221;top_left&#8221; background_repeat=&#8221;repeat&#8221;] Cette ann\u00e9e, les \u00e9l\u00e8ves travaillent plus particuli\u00e8rement la notion de coop\u00e9ration. Pourquoi? La\u00a0p\u00e9dagogie coop\u00e9rative\u00a0repose sur une\u00a0philosophie de l&#8217;instruction\u00a0qui place l&#8217;\u00e9l\u00e8ve en tant qu&#8217;acteur de ses apprentissages, capable de participer \u00e0 l&#8217;\u00e9laboration de ses comp\u00e9tences en coop\u00e9ration [&hellip;]<\/p>\n","protected":false},"author":1,"featured_media":1774,"comment_status":"closed","ping_status":"open","sticky":false,"template":"","format":"standard","meta":{"spay_email":"","jetpack_publicize_message":"","jetpack_is_tweetstorm":false,"jetpack_publicize_feature_enabled":true},"categories":[40],"tags":[],"jetpack_publicize_connections":[],"jetpack_featured_media_url":"https:\/\/i0.wp.com\/saintemariemayorga64220.fr\/wp-content\/uploads\/2019\/06\/pastorale.jpg?fit=510%2C340&ssl=1","jetpack_sharing_enabled":true,"jetpack_shortlink":"https:\/\/wp.me\/p9jAgw-rE","jetpack_likes_enabled":true,"jetpack-related-posts":[{"id":1716,"url":"https:\/\/saintemariemayorga64220.fr\/eu\/projet-decole\/","url_meta":{"origin":1714,"position":0},"title":"Projet d&#8217;\u00e9cole","date":"2019 June  6, Thursday","format":false,"excerpt":"Le projet d\u2019\u00e9cole s\u2019articule en lien avec le projet pastoral et \u00e9ducatif.\u00a0Notre mission principale est, d\u00e8s la maternelle, de donner envie aux enfants d'aller \u00e0 l'\u00e9cole pour apprendre, affirmer et \u00e9panouir leur personnalit\u00e9.\u00a0Durant\u2026","rel":"","context":"Similar post","img":{"alt_text":"","src":"https:\/\/i0.wp.com\/saintemariemayorga64220.fr\/wp-content\/uploads\/2019\/06\/projet-enfants.jpg?fit=515%2C340&ssl=1&resize=350%2C200","width":350,"height":200},"classes":[]},{"id":933,"url":"https:\/\/saintemariemayorga64220.fr\/eu\/rencontre-lassociation-retina\/","url_meta":{"origin":1714,"position":1},"title":"Rencontre avec l&#8217;association RETINA","date":"2016 June  4, Saturday","format":false,"excerpt":"Jeudi 2 juin, les \u00e9l\u00e8ves de l'\u00e9cole ont assist\u00e9 au d\u00e9part d'une course \u00e0 l'occasion de la manifestation \"Tandem pour la vue\", organis\u00e9e par l'association Retina. Toujours en lien avec notre projet de l'ann\u00e9e autour du th\u00e8me de la diff\u00e9rence et de la tol\u00e9rance, les \u00e9l\u00e8ves ont rencontr\u00e9 Odile et\u2026","rel":"","context":"In &quot;projet p\u00e9dagogique&quot;","img":{"alt_text":"","src":"","width":0,"height":0},"classes":[]},{"id":790,"url":"https:\/\/saintemariemayorga64220.fr\/eu\/portes-ouvertes-ate-idekitzeak\/","url_meta":{"origin":1714,"position":2},"title":"PORTES OUVERTES \/ ATE IDEKITZEAK","date":"2016 January 25, Monday","format":false,"excerpt":"article paru dans Sud Ouest Au sein de l'ensemble scolaire Sainte Marie-Mayorga, c'est une v\u00e9ritable \u00e9cole de la vie qui est propos\u00e9e aux familles qui veulent bien y confier leurs... Au sein de l'ensemble scolaire Sainte Marie-Mayorga, c'est une v\u00e9ritable \u00e9cole de la vie qui est propos\u00e9e aux familles qui\u2026","rel":"","context":"In &quot;projet p\u00e9dagogique&quot;","img":{"alt_text":"","src":"","width":0,"height":0},"classes":[]},{"id":964,"url":"https:\/\/saintemariemayorga64220.fr\/eu\/enigmathic\/","url_meta":{"origin":1714,"position":3},"title":"EnigMATH&#8217;ic","date":"2016 June 16, Thursday","format":false,"excerpt":"Jeudi 16 juin, les \u00e9l\u00e8ves de CM1, CM2 et 6\u00e8me ont planch\u00e9 sur des \u00e9nigmes cr\u00e9\u00e9es par les \u00e9l\u00e8ves de 4\u00e8me dans le cadre du concours maths EnigMATH'ic! F\u00e9licitations \u00e0 Marco, Alaia et Sara (CM1), Eva, Julie et Jules (CM2) et Diego, Marie et Lucas (6\u00e8me) qui ont remport\u00e9 ces\u2026","rel":"","context":"In &quot;projet p\u00e9dagogique&quot;","img":{"alt_text":"","src":"","width":0,"height":0},"classes":[]},{"id":507,"url":"https:\/\/saintemariemayorga64220.fr\/eu\/sorties-culturelles\/","url_meta":{"origin":1714,"position":4},"title":"Sorties culturelles","date":"2015 January 22, Thursday","format":false,"excerpt":"Tous les 3\u00b0 sont all\u00e9s voir en octobre un documentaire sur Churchill au Vauban. Cela leur a permis d'ouvrir des perspectives sur leur programme d'histoire. \u00a0 Le 28 novembre, c'est une pi\u00e8ce de th\u00e9\u00e2tre qui rassemblera tout le monde : LUZ, une adaptation du roman d'Elsa OSORIO,\u00a0 Luz ou le\u2026","rel":"","context":"In &quot;Non class\u00e9&quot;","img":{"alt_text":"","src":"https:\/\/i0.wp.com\/saintemariemayorga64220.fr\/wp-content\/uploads\/2015\/01\/01-450x320-pixels_28-300x213.jpg?resize=350%2C200","width":350,"height":200},"classes":[]},{"id":952,"url":"https:\/\/saintemariemayorga64220.fr\/eu\/journee-theatre-basque-a-urrugne\/","url_meta":{"origin":1714,"position":5},"title":"JOURNEE THEATRE EN BASQUE A URRUGNE","date":"2016 June 11, Saturday","format":false,"excerpt":"Jeudi 9 juin, les \u00e9l\u00e8ves bilingues ont pass\u00e9 la journ\u00e9e \u00e0 Urrugne \u00e0 l'occasion de la semaine de th\u00e9\u00e2tre en basque, organis\u00e9e par Euskal Haziak. Cette ann\u00e9e, en tant que spectateurs, ils ont pu d\u00e9couvrir des pi\u00e8ces donn\u00e9es par les \u00e9coles de St P\u00e9e, Halsou et Itxassou... La journ\u00e9e a\u2026","rel":"","context":"In &quot;projet p\u00e9dagogique&quot;","img":{"alt_text":"","src":"","width":0,"height":0},"classes":[]}],"_links":{"self":[{"href":"https:\/\/saintemariemayorga64220.fr\/eu\/wp-json\/wp\/v2\/posts\/1714"}],"collection":[{"href":"https:\/\/saintemariemayorga64220.fr\/eu\/wp-json\/wp\/v2\/posts"}],"about":[{"href":"https:\/\/saintemariemayorga64220.fr\/eu\/wp-json\/wp\/v2\/types\/post"}],"author":[{"embeddable":true,"href":"https:\/\/saintemariemayorga64220.fr\/eu\/wp-json\/wp\/v2\/users\/1"}],"replies":[{"embeddable":true,"href":"https:\/\/saintemariemayorga64220.fr\/eu\/wp-json\/wp\/v2\/comments?post=1714"}],"version-history":[{"count":4,"href":"https:\/\/saintemariemayorga64220.fr\/eu\/wp-json\/wp\/v2\/posts\/1714\/revisions"}],"predecessor-version":[{"id":1860,"href":"https:\/\/saintemariemayorga64220.fr\/eu\/wp-json\/wp\/v2\/posts\/1714\/revisions\/1860"}],"wp:featuredmedia":[{"embeddable":true,"href":"https:\/\/saintemariemayorga64220.fr\/eu\/wp-json\/wp\/v2\/media\/1774"}],"wp:attachment":[{"href":"https:\/\/saintemariemayorga64220.fr\/eu\/wp-json\/wp\/v2\/media?parent=1714"}],"wp:term":[{"taxonomy":"category","embeddable":true,"href":"https:\/\/saintemariemayorga64220.fr\/eu\/wp-json\/wp\/v2\/categories?post=1714"},{"taxonomy":"post_tag","embeddable":true,"href":"https:\/\/saintemariemayorga64220.fr\/eu\/wp-json\/wp\/v2\/tags?post=1714"}],"curies":[{"name":"wp","href":"https:\/\/api.w.org\/{rel}","templated":true}]}}