{"id":1844,"date":"2020-04-07T18:10:05","date_gmt":"2020-04-07T17:10:05","guid":{"rendered":"http:\/\/saintemariemayorga64220.fr\/?p=1844"},"modified":"2020-04-07T18:10:49","modified_gmt":"2020-04-07T17:10:49","slug":"un-carnaval-du-partage-a-lecole-sainte-marie","status":"publish","type":"post","link":"https:\/\/saintemariemayorga64220.fr\/eu\/un-carnaval-du-partage-a-lecole-sainte-marie\/","title":{"rendered":"U"},"content":{"rendered":"<p class=\"qtranxs-available-languages-message qtranxs-available-languages-message-eu\">Sentitzen dugu, baina sarrera hau %LANG-z:, : eta % bakarrik dago.<\/p>","protected":false},"excerpt":{"rendered":"<p>Sentitzen dugu, baina sarrera hau %LANG-z:, : eta % bakarrik dago.<\/p>\n","protected":false},"author":1,"featured_media":1838,"comment_status":"closed","ping_status":"open","sticky":false,"template":"","format":"standard","meta":{"spay_email":"","jetpack_publicize_message":"","jetpack_is_tweetstorm":false,"jetpack_publicize_feature_enabled":true},"categories":[41],"tags":[],"jetpack_publicize_connections":[],"jetpack_featured_media_url":"https:\/\/i0.wp.com\/saintemariemayorga64220.fr\/wp-content\/uploads\/2020\/04\/Article-Carnaval-Ecole-Sainte-Marie-2020.jpg?fit=800%2C1440&ssl=1","jetpack_sharing_enabled":true,"jetpack_shortlink":"https:\/\/wp.me\/p9jAgw-tK","jetpack_likes_enabled":true,"jetpack-related-posts":[{"id":1829,"url":"https:\/\/saintemariemayorga64220.fr\/eu\/feu-dartifice-de-saveurs-et-couleurs-a-lecole-sainte-marie\/","url_meta":{"origin":1844,"position":0},"title":"(Fran\u00e7ais) Feu d&#8217;artifice de saveurs et couleurs \u00e0 l&#8217;\u00e9cole Sainte Marie","date":"2020 April  7, Tuesday","format":false,"excerpt":"","rel":"","context":"In &quot;La presse en parle&quot;","img":{"alt_text":"","src":"https:\/\/i0.wp.com\/saintemariemayorga64220.fr\/wp-content\/uploads\/2020\/04\/Article-Semaine-du-go\u00fbt-Ecole-Sainte-Marie-2019.jpg?fit=675%2C1200&ssl=1&resize=350%2C200","width":350,"height":200},"classes":[]},{"id":1908,"url":"https:\/\/saintemariemayorga64220.fr\/eu\/la-semaine-du-gout-a-lecole-sainte-marie-octobre-2020\/","url_meta":{"origin":1844,"position":1},"title":"(Fran\u00e7ais) La semaine du go\u00fbt \u00e0 l&#8217;\u00e9cole Sainte Marie- octobre 2020","date":"2020 November  6, Friday","format":false,"excerpt":"","rel":"","context":"In &quot;La presse en parle&quot;","img":{"alt_text":"","src":"https:\/\/i0.wp.com\/saintemariemayorga64220.fr\/wp-content\/uploads\/2020\/11\/Article-Sud-Ouest-semaine-du-go\u00fbt-2020.jpg?fit=540%2C1200&ssl=1&resize=350%2C200","width":350,"height":200},"classes":[]},{"id":1936,"url":"https:\/\/saintemariemayorga64220.fr\/eu\/une-invitee-dans-notre-nouveau-poulailler\/","url_meta":{"origin":1844,"position":2},"title":"(Fran\u00e7ais) Une invit\u00e9e dans notre nouveau poulailler!","date":"2020 November 26, Thursday","format":false,"excerpt":"Sentitzen dugu, baina sarrera hau %LANG-z:, : eta % bakarrik dago.","rel":"","context":"In &quot;La presse en parle&quot;","img":{"alt_text":"","src":"https:\/\/i0.wp.com\/saintemariemayorga64220.fr\/wp-content\/uploads\/2020\/11\/poulailler-3.jpg?fit=1200%2C900&ssl=1&resize=350%2C200","width":350,"height":200},"classes":[]},{"id":1911,"url":"https:\/\/saintemariemayorga64220.fr\/eu\/les-joies-de-leau-cycle-natation-cm1-cm2-sept-oct-2020\/","url_meta":{"origin":1844,"position":3},"title":"(Fran\u00e7ais) Les joies de l&#8217;eau  -Cycle natation CM1-CM2 &#8211; sept\/oct 2020","date":"2020 November  6, Friday","format":false,"excerpt":"Sentitzen dugu, baina sarrera hau %LANG-z:, : eta % bakarrik dago.","rel":"","context":"In &quot;La presse en parle&quot;","img":{"alt_text":"","src":"https:\/\/i0.wp.com\/saintemariemayorga64220.fr\/wp-content\/uploads\/2020\/11\/plongeon-petit-t\u00eatard.jpg?fit=1146%2C1200&ssl=1&resize=350%2C200","width":350,"height":200},"classes":[]},{"id":1700,"url":"https:\/\/saintemariemayorga64220.fr\/eu\/inscriptions-contacts\/","url_meta":{"origin":1844,"position":4},"title":"Inscriptions &#8211; contacts","date":"2019 June  6, Thursday","format":false,"excerpt":"L\u2019\u00e9cole Sainte Marie accueille\u00a0vos enfants \u00e0 tout moment de l\u2019ann\u00e9e de la toute petite section au CM2, en fili\u00e8re bilingue ou monolingue. Pour cela, n\u2019h\u00e9sitez pas \u00e0 prendre rendez-vous avec Mme BORDAGARAY, chef\u2026","rel":"","context":"Similar post","img":{"alt_text":"","src":"https:\/\/i0.wp.com\/saintemariemayorga64220.fr\/wp-content\/uploads\/2019\/06\/woman-.jpg?fit=392%2C261&ssl=1&resize=350%2C200","width":350,"height":200},"classes":[]},{"id":1716,"url":"https:\/\/saintemariemayorga64220.fr\/eu\/projet-decole\/","url_meta":{"origin":1844,"position":5},"title":"Projet d&#8217;\u00e9cole","date":"2019 June  6, Thursday","format":false,"excerpt":"Le projet d\u2019\u00e9cole s\u2019articule en lien avec le projet pastoral et \u00e9ducatif.\u00a0Notre mission principale est, d\u00e8s la maternelle, de donner envie aux enfants d'aller \u00e0 l'\u00e9cole pour apprendre, affirmer et \u00e9panouir leur personnalit\u00e9.\u00a0Durant\u2026","rel":"","context":"Similar post","img":{"alt_text":"","src":"https:\/\/i0.wp.com\/saintemariemayorga64220.fr\/wp-content\/uploads\/2019\/06\/projet-enfants.jpg?fit=515%2C340&ssl=1&resize=350%2C200","width":350,"height":200},"classes":[]}],"_links":{"self":[{"href":"https:\/\/saintemariemayorga64220.fr\/eu\/wp-json\/wp\/v2\/posts\/1844"}],"collection":[{"href":"https:\/\/saintemariemayorga64220.fr\/eu\/wp-json\/wp\/v2\/posts"}],"about":[{"href":"https:\/\/saintemariemayorga64220.fr\/eu\/wp-json\/wp\/v2\/types\/post"}],"author":[{"embeddable":true,"href":"https:\/\/saintemariemayorga64220.fr\/eu\/wp-json\/wp\/v2\/users\/1"}],"replies":[{"embeddable":true,"href":"https:\/\/saintemariemayorga64220.fr\/eu\/wp-json\/wp\/v2\/comments?post=1844"}],"version-history":[{"count":1,"href":"https:\/\/saintemariemayorga64220.fr\/eu\/wp-json\/wp\/v2\/posts\/1844\/revisions"}],"predecessor-version":[{"id":1845,"href":"https:\/\/saintemariemayorga64220.fr\/eu\/wp-json\/wp\/v2\/posts\/1844\/revisions\/1845"}],"wp:featuredmedia":[{"embeddable":true,"href":"https:\/\/saintemariemayorga64220.fr\/eu\/wp-json\/wp\/v2\/media\/1838"}],"wp:attachment":[{"href":"https:\/\/saintemariemayorga64220.fr\/eu\/wp-json\/wp\/v2\/media?parent=1844"}],"wp:term":[{"taxonomy":"category","embeddable":true,"href":"https:\/\/saintemariemayorga64220.fr\/eu\/wp-json\/wp\/v2\/categories?post=1844"},{"taxonomy":"post_tag","embeddable":true,"href":"https:\/\/saintemariemayorga64220.fr\/eu\/wp-json\/wp\/v2\/tags?post=1844"}],"curies":[{"name":"wp","href":"https:\/\/api.w.org\/{rel}","templated":true}]}}