{"id":529,"date":"2015-01-22T10:49:32","date_gmt":"2015-01-22T09:49:32","guid":{"rendered":"http:\/\/saintemariemayorga64220.fr\/?p=529"},"modified":"2015-01-22T10:49:32","modified_gmt":"2015-01-22T09:49:32","slug":"de-laide-pour-les-sinistres-des-inondations","status":"publish","type":"post","link":"https:\/\/saintemariemayorga64220.fr\/eu\/de-laide-pour-les-sinistres-des-inondations\/","title":{"rendered":"De l&#8217;aide pour les sinistr\u00e9s des inondations"},"content":{"rendered":"<p><strong><em>En octobre&#8230;<\/em><\/strong><\/p>\n<p>&nbsp;<\/p>\n<p>Le premier samedi des vacances de la Toussaint, les \u00e9l\u00e8ves de Mayorga ont organis\u00e9 une op\u00e9ration lavages de voitures. Tout le monde s&#8217;est retrouss\u00e9 les manches et une jolie somme a pu \u00eatre r\u00e9colt\u00e9e en faveur des sinistr\u00e9s des inondations de juillet !<\/p>\n<p>[slideshow_deploy id=&#8217;528&#8242;]<\/p>\n","protected":false},"excerpt":{"rendered":"<p>En octobre&#8230; &nbsp; Le premier samedi des vacances de la Toussaint, les \u00e9l\u00e8ves de Mayorga ont organis\u00e9 une op\u00e9ration lavages de voitures. Tout le monde s&#8217;est retrouss\u00e9 les manches et une jolie somme a pu \u00eatre r\u00e9colt\u00e9e en faveur des sinistr\u00e9s des inondations de juillet ! [slideshow_deploy id=&#8217;528&#8242;]<\/p>\n","protected":false},"author":1,"featured_media":0,"comment_status":"closed","ping_status":"open","sticky":false,"template":"","format":"standard","meta":{"spay_email":"","jetpack_publicize_message":"","jetpack_is_tweetstorm":false,"jetpack_publicize_feature_enabled":true},"categories":[24,21,25],"tags":[26,23,27],"jetpack_publicize_connections":[],"jetpack_featured_media_url":"","jetpack_sharing_enabled":true,"jetpack_shortlink":"https:\/\/wp.me\/p9jAgw-8x","jetpack_likes_enabled":true,"jetpack-related-posts":[{"id":520,"url":"https:\/\/saintemariemayorga64220.fr\/eu\/une-apres-midi-avec-las-anciens\/","url_meta":{"origin":529,"position":0},"title":"Une apr\u00e8s-midi avec les Anciens","date":"2015 January 22, Thursday","format":false,"excerpt":"En d\u00e9cembre... plusieurs coll\u00e9giens \u00e0 la maison de retraite Un joli groupe de coll\u00e9giens volontaires s'est rendu \u00e0 la maison de retraite pour animer le mardi apr\u00e8s-midi des pensionnaires. Au programme : chants et \u00e9change inter-g\u00e9n\u00e9rationnels [slideshow_deploy id='519']","rel":"","context":"In &quot;action solidaire&quot;","img":{"alt_text":"","src":"","width":0,"height":0},"classes":[]},{"id":656,"url":"https:\/\/saintemariemayorga64220.fr\/eu\/du-temps-pour-les-autres\/","url_meta":{"origin":529,"position":1},"title":"Du temps pour les autres","date":"2015 October 20, Tuesday","format":false,"excerpt":"Apr\u00e8s les cours, le dernier vendredi de cette p\u00e9riode, 15 coll\u00e9giens volontaires sont all\u00e9s passer du temps avec les r\u00e9sidents de la Fondation Luro (maison de retraite). Discussion et chants au rendez-vous, suivi d'un temps de pri\u00e8re pour les volontaires. \u00a0","rel":"","context":"In &quot;action solidaire&quot;","img":{"alt_text":"","src":"","width":0,"height":0},"classes":[]},{"id":1016,"url":"https:\/\/saintemariemayorga64220.fr\/eu\/de-septembre-a-novembre-retour-quelques-evenements-forts\/","url_meta":{"origin":529,"position":2},"title":"De septembre \u00e0 novembre&#8230; retour sur quelques \u00e9v\u00e8nements forts ! Lancement des ateliers obligatoires deux fois par semaine au coll\u00e8ge","date":"2017 January  6, Friday","format":false,"excerpt":"Th\u00e9\u00e2tre, Frontball, Percussions et musique, aide aux devoirs, Pala, Tai Chi Chuan, P\u00e2tisserie et Arts cr\u00e9atifs","rel":"","context":"In &quot;action solidaire&quot;","img":{"alt_text":"lancement-ateliers","src":"https:\/\/i0.wp.com\/saintemariemayorga64220.fr\/wp-content\/uploads\/2017\/01\/lancement-ateliers-300x225.jpg?resize=350%2C200","width":350,"height":200},"classes":[]},{"id":1023,"url":"https:\/\/saintemariemayorga64220.fr\/eu\/septembre-a-novembre-pastorale\/","url_meta":{"origin":529,"position":3},"title":"Septembre \u00e0 novembre : pastorale","date":"2017 January  6, Friday","format":false,"excerpt":"Visite de l'\u00e9glise pour tous au primaire, pour les volontaires aux coll\u00e8ges. Nous avons plant\u00e9 la graine de la solidarit\u00e9 lors du cross solidaire, pour ne pas oublier qu'un joli geste, c'est beau, mais que c'est au quotidien que nous devons entretenir nos relations. Et enfin, une quarantaine de jeunes\u2026","rel":"","context":"In &quot;pastorale&quot;","img":{"alt_text":"pasto","src":"https:\/\/i0.wp.com\/saintemariemayorga64220.fr\/wp-content\/uploads\/2017\/01\/pasto-300x225.jpg?resize=350%2C200","width":350,"height":200},"classes":[]},{"id":790,"url":"https:\/\/saintemariemayorga64220.fr\/eu\/portes-ouvertes-ate-idekitzeak\/","url_meta":{"origin":529,"position":4},"title":"PORTES OUVERTES \/ ATE IDEKITZEAK","date":"2016 January 25, Monday","format":false,"excerpt":"article paru dans Sud Ouest Au sein de l'ensemble scolaire Sainte Marie-Mayorga, c'est une v\u00e9ritable \u00e9cole de la vie qui est propos\u00e9e aux familles qui veulent bien y confier leurs... Au sein de l'ensemble scolaire Sainte Marie-Mayorga, c'est une v\u00e9ritable \u00e9cole de la vie qui est propos\u00e9e aux familles qui\u2026","rel":"","context":"In &quot;projet p\u00e9dagogique&quot;","img":{"alt_text":"","src":"","width":0,"height":0},"classes":[]},{"id":654,"url":"https:\/\/saintemariemayorga64220.fr\/eu\/cross-solidaire\/","url_meta":{"origin":529,"position":5},"title":"Cross solidaire","date":"2015 October 20, Tuesday","format":false,"excerpt":"COURIR POUR AIDER! Chaque \u00e9l\u00e8ve a cherch\u00e9 un ou plusieurs sponsors pour le cross du coll\u00e8ge. L'objectif : cr\u00e9er une caisse de solidarit\u00e9 afin de permettre \u00e0 chacun de partir en voyage scolaire. Une belle r\u00e9ussite : bravo!","rel":"","context":"In &quot;action solidaire&quot;","img":{"alt_text":"","src":"https:\/\/i0.wp.com\/saintemariemayorga64220.fr\/wp-content\/uploads\/2015\/10\/DSCN1939-300x225.jpg?resize=350%2C200","width":350,"height":200},"classes":[]}],"_links":{"self":[{"href":"https:\/\/saintemariemayorga64220.fr\/eu\/wp-json\/wp\/v2\/posts\/529"}],"collection":[{"href":"https:\/\/saintemariemayorga64220.fr\/eu\/wp-json\/wp\/v2\/posts"}],"about":[{"href":"https:\/\/saintemariemayorga64220.fr\/eu\/wp-json\/wp\/v2\/types\/post"}],"author":[{"embeddable":true,"href":"https:\/\/saintemariemayorga64220.fr\/eu\/wp-json\/wp\/v2\/users\/1"}],"replies":[{"embeddable":true,"href":"https:\/\/saintemariemayorga64220.fr\/eu\/wp-json\/wp\/v2\/comments?post=529"}],"version-history":[{"count":1,"href":"https:\/\/saintemariemayorga64220.fr\/eu\/wp-json\/wp\/v2\/posts\/529\/revisions"}],"predecessor-version":[{"id":530,"href":"https:\/\/saintemariemayorga64220.fr\/eu\/wp-json\/wp\/v2\/posts\/529\/revisions\/530"}],"wp:attachment":[{"href":"https:\/\/saintemariemayorga64220.fr\/eu\/wp-json\/wp\/v2\/media?parent=529"}],"wp:term":[{"taxonomy":"category","embeddable":true,"href":"https:\/\/saintemariemayorga64220.fr\/eu\/wp-json\/wp\/v2\/categories?post=529"},{"taxonomy":"post_tag","embeddable":true,"href":"https:\/\/saintemariemayorga64220.fr\/eu\/wp-json\/wp\/v2\/tags?post=529"}],"curies":[{"name":"wp","href":"https:\/\/api.w.org\/{rel}","templated":true}]}}