{"id":656,"date":"2015-10-20T16:13:56","date_gmt":"2015-10-20T15:13:56","guid":{"rendered":"http:\/\/saintemariemayorga64220.fr\/?p=656"},"modified":"2015-10-20T16:13:56","modified_gmt":"2015-10-20T15:13:56","slug":"du-temps-pour-les-autres","status":"publish","type":"post","link":"https:\/\/saintemariemayorga64220.fr\/eu\/du-temps-pour-les-autres\/","title":{"rendered":"Du temps pour les autres"},"content":{"rendered":"<p style=\"text-align: left;\">Apr\u00e8s les cours, le dernier vendredi de cette p\u00e9riode, 15 coll\u00e9giens volontaires sont all\u00e9s passer du temps avec les r\u00e9sidents de la Fondation Luro (maison de retraite). Discussion et chants au rendez-vous, suivi d&#8217;un temps de pri\u00e8re pour les volontaires.<\/p>\n<p style=\"text-align: left;\"><a href=\"https:\/\/i0.wp.com\/saintemariemayorga64220.fr\/wp-content\/uploads\/2015\/10\/2010_4_28_generation-peinture_article.jpg_medium.jpg\"><img data-attachment-id=\"657\" data-permalink=\"https:\/\/saintemariemayorga64220.fr\/eu\/du-temps-pour-les-autres\/2010_4_28_generation-peinture_article-jpg_medium\/\" data-orig-file=\"https:\/\/i0.wp.com\/saintemariemayorga64220.fr\/wp-content\/uploads\/2015\/10\/2010_4_28_generation-peinture_article.jpg_medium.jpg?fit=200%2C186&amp;ssl=1\" data-orig-size=\"200,186\" data-comments-opened=\"0\" data-image-meta=\"{&quot;aperture&quot;:&quot;0&quot;,&quot;credit&quot;:&quot;&quot;,&quot;camera&quot;:&quot;&quot;,&quot;caption&quot;:&quot;&quot;,&quot;created_timestamp&quot;:&quot;0&quot;,&quot;copyright&quot;:&quot;&quot;,&quot;focal_length&quot;:&quot;0&quot;,&quot;iso&quot;:&quot;0&quot;,&quot;shutter_speed&quot;:&quot;0&quot;,&quot;title&quot;:&quot;&quot;,&quot;orientation&quot;:&quot;0&quot;}\" data-image-title=\"2010_4_28_generation-peinture_article.jpg_medium\" data-image-description=\"\" data-image-caption=\"\" data-medium-file=\"https:\/\/i0.wp.com\/saintemariemayorga64220.fr\/wp-content\/uploads\/2015\/10\/2010_4_28_generation-peinture_article.jpg_medium.jpg?fit=200%2C186&amp;ssl=1\" data-large-file=\"https:\/\/i0.wp.com\/saintemariemayorga64220.fr\/wp-content\/uploads\/2015\/10\/2010_4_28_generation-peinture_article.jpg_medium.jpg?fit=200%2C186&amp;ssl=1\" loading=\"lazy\" class=\"size-full wp-image-657 aligncenter\" src=\"https:\/\/i0.wp.com\/saintemariemayorga64220.fr\/wp-content\/uploads\/2015\/10\/2010_4_28_generation-peinture_article.jpg_medium.jpg?resize=200%2C186\" alt=\"2010_4_28_generation-peinture_article.jpg_medium\" width=\"200\" height=\"186\" data-recalc-dims=\"1\" \/><\/a><\/p>\n<div class=\"_aOd rg_ilm\" data-ved=\"0CDoQ9wswCGoVChMIhcvz-KrRyAIVCIYaCh2ArwR0\"><\/div>\n<p>&nbsp;<\/p>\n","protected":false},"excerpt":{"rendered":"<p>Apr\u00e8s les cours, le dernier vendredi de cette p\u00e9riode, 15 coll\u00e9giens volontaires sont all\u00e9s passer du temps avec les r\u00e9sidents de la Fondation Luro (maison de retraite). Discussion et chants au rendez-vous, suivi d&#8217;un temps de pri\u00e8re pour les volontaires. &nbsp;<\/p>\n","protected":false},"author":1,"featured_media":0,"comment_status":"closed","ping_status":"open","sticky":false,"template":"","format":"standard","meta":{"spay_email":"","jetpack_publicize_message":"","jetpack_is_tweetstorm":false,"jetpack_publicize_feature_enabled":true},"categories":[24,25],"tags":[],"jetpack_publicize_connections":[],"jetpack_featured_media_url":"","jetpack_sharing_enabled":true,"jetpack_shortlink":"https:\/\/wp.me\/p9jAgw-aA","jetpack_likes_enabled":true,"jetpack-related-posts":[{"id":1023,"url":"https:\/\/saintemariemayorga64220.fr\/eu\/septembre-a-novembre-pastorale\/","url_meta":{"origin":656,"position":0},"title":"Septembre \u00e0 novembre : pastorale","date":"2017 January  6, Friday","format":false,"excerpt":"Visite de l'\u00e9glise pour tous au primaire, pour les volontaires aux coll\u00e8ges. Nous avons plant\u00e9 la graine de la solidarit\u00e9 lors du cross solidaire, pour ne pas oublier qu'un joli geste, c'est beau, mais que c'est au quotidien que nous devons entretenir nos relations. Et enfin, une quarantaine de jeunes\u2026","rel":"","context":"In &quot;pastorale&quot;","img":{"alt_text":"pasto","src":"https:\/\/i0.wp.com\/saintemariemayorga64220.fr\/wp-content\/uploads\/2017\/01\/pasto-300x225.jpg?resize=350%2C200","width":350,"height":200},"classes":[]},{"id":645,"url":"https:\/\/saintemariemayorga64220.fr\/eu\/association-valentin-hauy\/","url_meta":{"origin":656,"position":1},"title":"Association Valentin Hauy","date":"2015 October 20, Tuesday","format":false,"excerpt":"Apr\u00e8s une sensibilisation au quotidien des mal-voyants, plusieurs coll\u00e9giens se sont port\u00e9s volontaires pour la qu\u00eate, un samedi matin. Bravo!","rel":"","context":"In &quot;action solidaire&quot;","img":{"alt_text":"","src":"https:\/\/i0.wp.com\/saintemariemayorga64220.fr\/wp-content\/uploads\/2015\/10\/IMG_0655-300x300.jpg?resize=350%2C200","width":350,"height":200},"classes":[]},{"id":520,"url":"https:\/\/saintemariemayorga64220.fr\/eu\/une-apres-midi-avec-las-anciens\/","url_meta":{"origin":656,"position":2},"title":"Une apr\u00e8s-midi avec les Anciens","date":"2015 January 22, Thursday","format":false,"excerpt":"En d\u00e9cembre... plusieurs coll\u00e9giens \u00e0 la maison de retraite Un joli groupe de coll\u00e9giens volontaires s'est rendu \u00e0 la maison de retraite pour animer le mardi apr\u00e8s-midi des pensionnaires. Au programme : chants et \u00e9change inter-g\u00e9n\u00e9rationnels [slideshow_deploy id='519']","rel":"","context":"In &quot;action solidaire&quot;","img":{"alt_text":"","src":"","width":0,"height":0},"classes":[]},{"id":741,"url":"https:\/\/saintemariemayorga64220.fr\/eu\/le-temps-de-lavent\/","url_meta":{"origin":656,"position":3},"title":"Le temps de l&#8217;Avent","date":"2015 December 27, Sunday","format":false,"excerpt":"Article paru dans Sud Ouest (21 d\u00e9cembre 2015)","rel":"","context":"In &quot;projet p\u00e9dagogique&quot;","img":{"alt_text":"","src":"https:\/\/i0.wp.com\/saintemariemayorga64220.fr\/wp-content\/uploads\/2015\/12\/IMG_2033-300x225.jpg?resize=350%2C200","width":350,"height":200},"classes":[]},{"id":507,"url":"https:\/\/saintemariemayorga64220.fr\/eu\/sorties-culturelles\/","url_meta":{"origin":656,"position":4},"title":"Sorties culturelles","date":"2015 January 22, Thursday","format":false,"excerpt":"Tous les 3\u00b0 sont all\u00e9s voir en octobre un documentaire sur Churchill au Vauban. Cela leur a permis d'ouvrir des perspectives sur leur programme d'histoire. \u00a0 Le 28 novembre, c'est une pi\u00e8ce de th\u00e9\u00e2tre qui rassemblera tout le monde : LUZ, une adaptation du roman d'Elsa OSORIO,\u00a0 Luz ou le\u2026","rel":"","context":"In &quot;Non class\u00e9&quot;","img":{"alt_text":"","src":"https:\/\/i0.wp.com\/saintemariemayorga64220.fr\/wp-content\/uploads\/2015\/01\/01-450x320-pixels_28-300x213.jpg?resize=350%2C200","width":350,"height":200},"classes":[]},{"id":526,"url":"https:\/\/saintemariemayorga64220.fr\/eu\/cross-du-college\/","url_meta":{"origin":656,"position":5},"title":"Cross du coll\u00e8ge","date":"2015 January 22, Thursday","format":false,"excerpt":"En novembre... Cross du coll\u00e8ge Jeudi 20 novembre, cross du coll\u00e8ge avec la participation des CM2 de l'\u00e9cole. Beau temps, performances sportives et bonne humeur garantis ! [slideshow_deploy id='525']","rel":"","context":"In &quot;sport&quot;","img":{"alt_text":"","src":"","width":0,"height":0},"classes":[]}],"_links":{"self":[{"href":"https:\/\/saintemariemayorga64220.fr\/eu\/wp-json\/wp\/v2\/posts\/656"}],"collection":[{"href":"https:\/\/saintemariemayorga64220.fr\/eu\/wp-json\/wp\/v2\/posts"}],"about":[{"href":"https:\/\/saintemariemayorga64220.fr\/eu\/wp-json\/wp\/v2\/types\/post"}],"author":[{"embeddable":true,"href":"https:\/\/saintemariemayorga64220.fr\/eu\/wp-json\/wp\/v2\/users\/1"}],"replies":[{"embeddable":true,"href":"https:\/\/saintemariemayorga64220.fr\/eu\/wp-json\/wp\/v2\/comments?post=656"}],"version-history":[{"count":1,"href":"https:\/\/saintemariemayorga64220.fr\/eu\/wp-json\/wp\/v2\/posts\/656\/revisions"}],"predecessor-version":[{"id":658,"href":"https:\/\/saintemariemayorga64220.fr\/eu\/wp-json\/wp\/v2\/posts\/656\/revisions\/658"}],"wp:attachment":[{"href":"https:\/\/saintemariemayorga64220.fr\/eu\/wp-json\/wp\/v2\/media?parent=656"}],"wp:term":[{"taxonomy":"category","embeddable":true,"href":"https:\/\/saintemariemayorga64220.fr\/eu\/wp-json\/wp\/v2\/categories?post=656"},{"taxonomy":"post_tag","embeddable":true,"href":"https:\/\/saintemariemayorga64220.fr\/eu\/wp-json\/wp\/v2\/tags?post=656"}],"curies":[{"name":"wp","href":"https:\/\/api.w.org\/{rel}","templated":true}]}}