{"id":841,"date":"2016-04-12T14:01:43","date_gmt":"2016-04-12T13:01:43","guid":{"rendered":"http:\/\/saintemariemayorga64220.fr\/?p=841"},"modified":"2016-04-12T14:14:09","modified_gmt":"2016-04-12T13:14:09","slug":"de-la-guerre-a-la-paix-du-projet-interdisciplinaire-au-voyage-pedagogique","status":"publish","type":"post","link":"https:\/\/saintemariemayorga64220.fr\/eu\/de-la-guerre-a-la-paix-du-projet-interdisciplinaire-au-voyage-pedagogique\/","title":{"rendered":"De la guerre \u00e0 la paix&#8230;du projet interdisciplinaire au voyage p\u00e9dagogique"},"content":{"rendered":"<p>Apr\u00e8s avoir travaill\u00e9 toute l&#8217;ann\u00e9e en interdisciplinarit\u00e9 sur la th\u00e9matique de la guerre \u00e0 la paix, nos \u00e9l\u00e8ves sont partis sur les traces des Poilus \u00e0 Verdun puis ont visit\u00e9 des lieux cl\u00e9s \u00e0 Paris.<\/p>\n<p><a href=\"https:\/\/i0.wp.com\/saintemariemayorga64220.fr\/wp-content\/uploads\/2016\/04\/IMG_1007.jpg\" rel=\"attachment wp-att-862\"><img data-attachment-id=\"862\" data-permalink=\"https:\/\/saintemariemayorga64220.fr\/eu\/de-la-guerre-a-la-paix-du-projet-interdisciplinaire-au-voyage-pedagogique\/img_1007\/\" data-orig-file=\"https:\/\/i0.wp.com\/saintemariemayorga64220.fr\/wp-content\/uploads\/2016\/04\/IMG_1007.jpg?fit=640%2C502&amp;ssl=1\" data-orig-size=\"640,502\" data-comments-opened=\"0\" data-image-meta=\"{&quot;aperture&quot;:&quot;0&quot;,&quot;credit&quot;:&quot;&quot;,&quot;camera&quot;:&quot;&quot;,&quot;caption&quot;:&quot;&quot;,&quot;created_timestamp&quot;:&quot;0&quot;,&quot;copyright&quot;:&quot;&quot;,&quot;focal_length&quot;:&quot;0&quot;,&quot;iso&quot;:&quot;0&quot;,&quot;shutter_speed&quot;:&quot;0&quot;,&quot;title&quot;:&quot;&quot;,&quot;orientation&quot;:&quot;0&quot;}\" data-image-title=\"IMG_1007\" data-image-description=\"\" data-image-caption=\"\" data-medium-file=\"https:\/\/i0.wp.com\/saintemariemayorga64220.fr\/wp-content\/uploads\/2016\/04\/IMG_1007.jpg?fit=300%2C235&amp;ssl=1\" data-large-file=\"https:\/\/i0.wp.com\/saintemariemayorga64220.fr\/wp-content\/uploads\/2016\/04\/IMG_1007.jpg?fit=640%2C502&amp;ssl=1\" loading=\"lazy\" class=\"alignnone size-medium wp-image-862\" src=\"https:\/\/i0.wp.com\/saintemariemayorga64220.fr\/wp-content\/uploads\/2016\/04\/IMG_1007-300x235.jpg?resize=300%2C235\" alt=\"IMG_1007\" width=\"300\" height=\"235\" srcset=\"https:\/\/i0.wp.com\/saintemariemayorga64220.fr\/wp-content\/uploads\/2016\/04\/IMG_1007.jpg?resize=300%2C235&amp;ssl=1 300w, https:\/\/i0.wp.com\/saintemariemayorga64220.fr\/wp-content\/uploads\/2016\/04\/IMG_1007.jpg?w=640&amp;ssl=1 640w\" sizes=\"(max-width: 300px) 100vw, 300px\" data-recalc-dims=\"1\" \/><\/a><\/p>\n<p>De nombreuses rencontres ont ponctu\u00e9 la pr\u00e9paration du s\u00e9jour et leur p\u00e9riple : le d\u00e9put\u00e9 Jean Lassalle, le pr\u00e9sident de l&#8217;Assembl\u00e9e Nationale Claude Bartolone, des membres du r\u00e9seau com\u00e8te, des membres de la F\u00e9d\u00e9ration Andr\u00e9 Maginot, du Souvenir Fran\u00e7ais&#8230;<\/p>\n<p><a href=\"http:\/\/saintemariemayorga64220.fr\/wp-content\/uploads\/2016\/04\/andr\u00e9-maginot.jpg\" rel=\"attachment wp-att-849\"><strong><span style=\"text-decoration: underline;\"><span style=\"color: #3366ff; text-decoration: underline;\">F\u00e9d\u00e9ration Andr\u00e9 Maginot<\/span><\/span><\/strong><\/a><a href=\"https:\/\/i0.wp.com\/saintemariemayorga64220.fr\/wp-content\/uploads\/2016\/04\/DSCN2024.jpg\" rel=\"attachment wp-att-853\"><img data-attachment-id=\"853\" data-permalink=\"https:\/\/saintemariemayorga64220.fr\/eu\/de-la-guerre-a-la-paix-du-projet-interdisciplinaire-au-voyage-pedagogique\/dscn2024\/\" data-orig-file=\"https:\/\/i0.wp.com\/saintemariemayorga64220.fr\/wp-content\/uploads\/2016\/04\/DSCN2024.jpg?fit=3648%2C2736&amp;ssl=1\" data-orig-size=\"3648,2736\" data-comments-opened=\"0\" data-image-meta=\"{&quot;aperture&quot;:&quot;2.8&quot;,&quot;credit&quot;:&quot;&quot;,&quot;camera&quot;:&quot;COOLPIX P80&quot;,&quot;caption&quot;:&quot;&quot;,&quot;created_timestamp&quot;:&quot;&quot;,&quot;copyright&quot;:&quot;&quot;,&quot;focal_length&quot;:&quot;4.7&quot;,&quot;iso&quot;:&quot;64&quot;,&quot;shutter_speed&quot;:&quot;0.10526315789474&quot;,&quot;title&quot;:&quot;&quot;,&quot;orientation&quot;:&quot;1&quot;}\" data-image-title=\"DSCN2024\" data-image-description=\"\" data-image-caption=\"\" data-medium-file=\"https:\/\/i0.wp.com\/saintemariemayorga64220.fr\/wp-content\/uploads\/2016\/04\/DSCN2024.jpg?fit=300%2C225&amp;ssl=1\" data-large-file=\"https:\/\/i0.wp.com\/saintemariemayorga64220.fr\/wp-content\/uploads\/2016\/04\/DSCN2024.jpg?fit=1024%2C768&amp;ssl=1\" loading=\"lazy\" class=\"alignnone size-medium wp-image-853\" src=\"https:\/\/i0.wp.com\/saintemariemayorga64220.fr\/wp-content\/uploads\/2016\/04\/DSCN2024-300x225.jpg?resize=300%2C225\" alt=\"DSCN2024\" width=\"300\" height=\"225\" srcset=\"https:\/\/i0.wp.com\/saintemariemayorga64220.fr\/wp-content\/uploads\/2016\/04\/DSCN2024.jpg?resize=300%2C225&amp;ssl=1 300w, https:\/\/i0.wp.com\/saintemariemayorga64220.fr\/wp-content\/uploads\/2016\/04\/DSCN2024.jpg?resize=768%2C576&amp;ssl=1 768w, https:\/\/i0.wp.com\/saintemariemayorga64220.fr\/wp-content\/uploads\/2016\/04\/DSCN2024.jpg?resize=1024%2C768&amp;ssl=1 1024w, https:\/\/i0.wp.com\/saintemariemayorga64220.fr\/wp-content\/uploads\/2016\/04\/DSCN2024.jpg?w=2160&amp;ssl=1 2160w, https:\/\/i0.wp.com\/saintemariemayorga64220.fr\/wp-content\/uploads\/2016\/04\/DSCN2024.jpg?w=3240&amp;ssl=1 3240w\" sizes=\"(max-width: 300px) 100vw, 300px\" data-recalc-dims=\"1\" \/><\/a><\/p>\n<p><a href=\"https:\/\/i0.wp.com\/saintemariemayorga64220.fr\/wp-content\/uploads\/2016\/04\/Mayorga1.jpg\" rel=\"attachment wp-att-850\"><img data-attachment-id=\"850\" data-permalink=\"https:\/\/saintemariemayorga64220.fr\/eu\/de-la-guerre-a-la-paix-du-projet-interdisciplinaire-au-voyage-pedagogique\/mayorga1\/\" data-orig-file=\"https:\/\/i0.wp.com\/saintemariemayorga64220.fr\/wp-content\/uploads\/2016\/04\/Mayorga1.jpg?fit=3425%2C2058&amp;ssl=1\" data-orig-size=\"3425,2058\" data-comments-opened=\"0\" data-image-meta=\"{&quot;aperture&quot;:&quot;2.8&quot;,&quot;credit&quot;:&quot;&quot;,&quot;camera&quot;:&quot;COOLPIX P80&quot;,&quot;caption&quot;:&quot;&quot;,&quot;created_timestamp&quot;:&quot;&quot;,&quot;copyright&quot;:&quot;&quot;,&quot;focal_length&quot;:&quot;4.7&quot;,&quot;iso&quot;:&quot;64&quot;,&quot;shutter_speed&quot;:&quot;0.044843049327354&quot;,&quot;title&quot;:&quot;&quot;,&quot;orientation&quot;:&quot;1&quot;}\" data-image-title=\"Mayorga1\" data-image-description=\"\" data-image-caption=\"\" data-medium-file=\"https:\/\/i0.wp.com\/saintemariemayorga64220.fr\/wp-content\/uploads\/2016\/04\/Mayorga1.jpg?fit=300%2C180&amp;ssl=1\" data-large-file=\"https:\/\/i0.wp.com\/saintemariemayorga64220.fr\/wp-content\/uploads\/2016\/04\/Mayorga1.jpg?fit=1024%2C615&amp;ssl=1\" loading=\"lazy\" class=\"alignnone size-medium wp-image-850\" src=\"https:\/\/i0.wp.com\/saintemariemayorga64220.fr\/wp-content\/uploads\/2016\/04\/Mayorga1-300x180.jpg?resize=300%2C180\" alt=\"Mayorga1\" width=\"300\" height=\"180\" srcset=\"https:\/\/i0.wp.com\/saintemariemayorga64220.fr\/wp-content\/uploads\/2016\/04\/Mayorga1.jpg?resize=300%2C180&amp;ssl=1 300w, https:\/\/i0.wp.com\/saintemariemayorga64220.fr\/wp-content\/uploads\/2016\/04\/Mayorga1.jpg?resize=768%2C461&amp;ssl=1 768w, https:\/\/i0.wp.com\/saintemariemayorga64220.fr\/wp-content\/uploads\/2016\/04\/Mayorga1.jpg?resize=1024%2C615&amp;ssl=1 1024w, https:\/\/i0.wp.com\/saintemariemayorga64220.fr\/wp-content\/uploads\/2016\/04\/Mayorga1.jpg?w=2160&amp;ssl=1 2160w, https:\/\/i0.wp.com\/saintemariemayorga64220.fr\/wp-content\/uploads\/2016\/04\/Mayorga1.jpg?w=3240&amp;ssl=1 3240w\" sizes=\"(max-width: 300px) 100vw, 300px\" data-recalc-dims=\"1\" \/><\/a><\/p>\n<p><span style=\"text-decoration: underline;\"><span style=\"color: #3366ff;\"><strong>Le d\u00e9put\u00e9 Jean Lassalle \u00e0 Mayorga<\/strong><\/span><\/span><\/p>\n<p><a href=\"https:\/\/i0.wp.com\/saintemariemayorga64220.fr\/wp-content\/uploads\/2016\/04\/IMG_4222.jpeg\" rel=\"attachment wp-att-851\"><img data-attachment-id=\"851\" data-permalink=\"https:\/\/saintemariemayorga64220.fr\/eu\/de-la-guerre-a-la-paix-du-projet-interdisciplinaire-au-voyage-pedagogique\/img_4222\/\" data-orig-file=\"https:\/\/i0.wp.com\/saintemariemayorga64220.fr\/wp-content\/uploads\/2016\/04\/IMG_4222-e1460465928898.jpeg?fit=478%2C640&amp;ssl=1\" data-orig-size=\"478,640\" data-comments-opened=\"0\" data-image-meta=\"{&quot;aperture&quot;:&quot;2.8&quot;,&quot;credit&quot;:&quot;&quot;,&quot;camera&quot;:&quot;iPhone 4&quot;,&quot;caption&quot;:&quot;&quot;,&quot;created_timestamp&quot;:&quot;1460135419&quot;,&quot;copyright&quot;:&quot;&quot;,&quot;focal_length&quot;:&quot;3.85&quot;,&quot;iso&quot;:&quot;80&quot;,&quot;shutter_speed&quot;:&quot;0.0023201856148492&quot;,&quot;title&quot;:&quot;&quot;,&quot;orientation&quot;:&quot;6&quot;}\" data-image-title=\"IMG_4222\" data-image-description=\"\" data-image-caption=\"\" data-medium-file=\"https:\/\/i0.wp.com\/saintemariemayorga64220.fr\/wp-content\/uploads\/2016\/04\/IMG_4222-e1460465928898.jpeg?fit=224%2C300&amp;ssl=1\" data-large-file=\"https:\/\/i0.wp.com\/saintemariemayorga64220.fr\/wp-content\/uploads\/2016\/04\/IMG_4222-e1460465928898.jpeg?fit=478%2C640&amp;ssl=1\" loading=\"lazy\" class=\"alignnone wp-image-851 size-medium\" src=\"https:\/\/i0.wp.com\/saintemariemayorga64220.fr\/wp-content\/uploads\/2016\/04\/IMG_4222-e1460465928898-224x300.jpeg?resize=224%2C300\" alt=\"IMG_4222\" width=\"224\" height=\"300\" srcset=\"https:\/\/i0.wp.com\/saintemariemayorga64220.fr\/wp-content\/uploads\/2016\/04\/IMG_4222-e1460465928898.jpeg?resize=224%2C300&amp;ssl=1 224w, https:\/\/i0.wp.com\/saintemariemayorga64220.fr\/wp-content\/uploads\/2016\/04\/IMG_4222-e1460465928898.jpeg?w=478&amp;ssl=1 478w\" sizes=\"(max-width: 224px) 100vw, 224px\" data-recalc-dims=\"1\" \/><\/a><\/p>\n<p><strong><span style=\"text-decoration: underline;\"><span style=\"color: #3366ff; text-decoration: underline;\">Mayorga sous la tour Eiffel<\/span><\/span><\/strong><\/p>\n","protected":false},"excerpt":{"rendered":"<p>Apr\u00e8s avoir travaill\u00e9 toute l&#8217;ann\u00e9e en interdisciplinarit\u00e9 sur la th\u00e9matique de la guerre \u00e0 la paix, nos \u00e9l\u00e8ves sont partis sur les traces des Poilus \u00e0 Verdun puis ont visit\u00e9 des lieux cl\u00e9s \u00e0 Paris. De nombreuses rencontres ont ponctu\u00e9 la pr\u00e9paration du s\u00e9jour et leur p\u00e9riple : le d\u00e9put\u00e9 Jean Lassalle, le pr\u00e9sident de [&hellip;]<\/p>\n","protected":false},"author":1,"featured_media":0,"comment_status":"closed","ping_status":"open","sticky":false,"template":"","format":"standard","meta":{"spay_email":"","jetpack_publicize_message":"","jetpack_is_tweetstorm":false,"jetpack_publicize_feature_enabled":true},"categories":[21,18,20],"tags":[],"jetpack_publicize_connections":[],"jetpack_featured_media_url":"","jetpack_sharing_enabled":true,"jetpack_shortlink":"https:\/\/wp.me\/p9jAgw-dz","jetpack_likes_enabled":true,"jetpack-related-posts":[{"id":741,"url":"https:\/\/saintemariemayorga64220.fr\/eu\/le-temps-de-lavent\/","url_meta":{"origin":841,"position":0},"title":"Le temps de l&#8217;Avent","date":"2015 December 27, Sunday","format":false,"excerpt":"Article paru dans Sud Ouest (21 d\u00e9cembre 2015)","rel":"","context":"In &quot;projet p\u00e9dagogique&quot;","img":{"alt_text":"","src":"https:\/\/i0.wp.com\/saintemariemayorga64220.fr\/wp-content\/uploads\/2015\/12\/IMG_2033-300x225.jpg?resize=350%2C200","width":350,"height":200},"classes":[]},{"id":502,"url":"https:\/\/saintemariemayorga64220.fr\/eu\/un-devoir-de-memoire\/","url_meta":{"origin":841,"position":1},"title":"Un devoir de m\u00e9moire&#8230;","date":"2015 January 22, Thursday","format":false,"excerpt":"Concours National de la R\u00e9sistance\u00a0: - Mardi 20 janvier, les 3A et 3B se sont rendus \u00e0 l\u2019Abbaye de Belloc pour rencontrer fr\u00e8re Marc qui a t\u00e9moign\u00e9 sur le retour des camps de d\u00e9port\u00e9s. Pour cette sortie, ils \u00e9taient accompagn\u00e9s de la classe de 3\u00e8me du coll\u00e8ge Donostei, qui travaille\u2026","rel":"","context":"In &quot;projet p\u00e9dagogique&quot;","img":{"alt_text":"","src":"https:\/\/i0.wp.com\/saintemariemayorga64220.fr\/wp-content\/uploads\/2015\/01\/DSCN0999-300x225.jpg?resize=350%2C200","width":350,"height":200},"classes":[]},{"id":1714,"url":"https:\/\/saintemariemayorga64220.fr\/eu\/projet-pastoral\/","url_meta":{"origin":841,"position":2},"title":"Projet pastoral","date":"2019 June  6, Thursday","format":false,"excerpt":"Cette ann\u00e9e, les \u00e9l\u00e8ves travaillent plus particuli\u00e8rement la notion de coop\u00e9ration. Pourquoi? La\u00a0p\u00e9dagogie coop\u00e9rative\u00a0repose sur une\u00a0philosophie de l'instruction\u00a0qui place l'\u00e9l\u00e8ve en tant qu'acteur de ses apprentissages, capable de participer \u00e0 l'\u00e9laboration de\u2026","rel":"","context":"Similar post","img":{"alt_text":"","src":"https:\/\/i0.wp.com\/saintemariemayorga64220.fr\/wp-content\/uploads\/2019\/06\/pastorale.jpg?fit=510%2C340&ssl=1&resize=350%2C200","width":350,"height":200},"classes":[]},{"id":971,"url":"https:\/\/saintemariemayorga64220.fr\/eu\/representation-theatrale\/","url_meta":{"origin":841,"position":3},"title":"repr\u00e9sentation th\u00e9\u00e2trale&#8230;","date":"2016 June 16, Thursday","format":false,"excerpt":"Le jeudi 16 juin , les \u00e9l\u00e8ves de cycle 3 ont assist\u00e9 \u00e0 l'avant-premi\u00e8re de la pi\u00e8ce de th\u00e9\u00e2tre donn\u00e9e par les 6\u00e8me...","rel":"","context":"In &quot;projet p\u00e9dagogique&quot;","img":{"alt_text":"","src":"https:\/\/i0.wp.com\/saintemariemayorga64220.fr\/wp-content\/uploads\/2016\/06\/IMG_1693-300x225.jpg?resize=350%2C200","width":350,"height":200},"classes":[]},{"id":933,"url":"https:\/\/saintemariemayorga64220.fr\/eu\/rencontre-lassociation-retina\/","url_meta":{"origin":841,"position":4},"title":"Rencontre avec l&#8217;association RETINA","date":"2016 June  4, Saturday","format":false,"excerpt":"Jeudi 2 juin, les \u00e9l\u00e8ves de l'\u00e9cole ont assist\u00e9 au d\u00e9part d'une course \u00e0 l'occasion de la manifestation \"Tandem pour la vue\", organis\u00e9e par l'association Retina. Toujours en lien avec notre projet de l'ann\u00e9e autour du th\u00e8me de la diff\u00e9rence et de la tol\u00e9rance, les \u00e9l\u00e8ves ont rencontr\u00e9 Odile et\u2026","rel":"","context":"In &quot;projet p\u00e9dagogique&quot;","img":{"alt_text":"","src":"","width":0,"height":0},"classes":[]},{"id":790,"url":"https:\/\/saintemariemayorga64220.fr\/eu\/portes-ouvertes-ate-idekitzeak\/","url_meta":{"origin":841,"position":5},"title":"PORTES OUVERTES \/ ATE IDEKITZEAK","date":"2016 January 25, Monday","format":false,"excerpt":"article paru dans Sud Ouest Au sein de l'ensemble scolaire Sainte Marie-Mayorga, c'est une v\u00e9ritable \u00e9cole de la vie qui est propos\u00e9e aux familles qui veulent bien y confier leurs... Au sein de l'ensemble scolaire Sainte Marie-Mayorga, c'est une v\u00e9ritable \u00e9cole de la vie qui est propos\u00e9e aux familles qui\u2026","rel":"","context":"In &quot;projet p\u00e9dagogique&quot;","img":{"alt_text":"","src":"","width":0,"height":0},"classes":[]}],"_links":{"self":[{"href":"https:\/\/saintemariemayorga64220.fr\/eu\/wp-json\/wp\/v2\/posts\/841"}],"collection":[{"href":"https:\/\/saintemariemayorga64220.fr\/eu\/wp-json\/wp\/v2\/posts"}],"about":[{"href":"https:\/\/saintemariemayorga64220.fr\/eu\/wp-json\/wp\/v2\/types\/post"}],"author":[{"embeddable":true,"href":"https:\/\/saintemariemayorga64220.fr\/eu\/wp-json\/wp\/v2\/users\/1"}],"replies":[{"embeddable":true,"href":"https:\/\/saintemariemayorga64220.fr\/eu\/wp-json\/wp\/v2\/comments?post=841"}],"version-history":[{"count":4,"href":"https:\/\/saintemariemayorga64220.fr\/eu\/wp-json\/wp\/v2\/posts\/841\/revisions"}],"predecessor-version":[{"id":863,"href":"https:\/\/saintemariemayorga64220.fr\/eu\/wp-json\/wp\/v2\/posts\/841\/revisions\/863"}],"wp:attachment":[{"href":"https:\/\/saintemariemayorga64220.fr\/eu\/wp-json\/wp\/v2\/media?parent=841"}],"wp:term":[{"taxonomy":"category","embeddable":true,"href":"https:\/\/saintemariemayorga64220.fr\/eu\/wp-json\/wp\/v2\/categories?post=841"},{"taxonomy":"post_tag","embeddable":true,"href":"https:\/\/saintemariemayorga64220.fr\/eu\/wp-json\/wp\/v2\/tags?post=841"}],"curies":[{"name":"wp","href":"https:\/\/api.w.org\/{rel}","templated":true}]}}